{"id":15513,"date":"2023-05-12T13:10:01","date_gmt":"2023-05-12T13:10:01","guid":{"rendered":"http:\/\/staging.ibermusicas.org\/?p=15513"},"modified":"2023-05-12T13:11:18","modified_gmt":"2023-05-12T13:11:18","slug":"llega-el-encuentro-iberoamericano-de-mujeres-en-la-industria-musical-eimim-comunidades-de-equidad-3-edicion","status":"publish","type":"post","link":"http:\/\/staging.ibermusicas.org\/index.php\/llega-el-encuentro-iberoamericano-de-mujeres-en-la-industria-musical-eimim-comunidades-de-equidad-3-edicion\/","title":{"rendered":"Llega el Encuentro Iberoamericano de Mujeres en la Industria Musical EIMIM, Comunidades de equidad\/ 3\u00b0 Edici\u00f3n"},"content":{"rendered":"<p>EIMIM celebrar\u00e1 este 2023 su tercera edici\u00f3n con charlas, conferencias, talleres, proyecciones cinematogr\u00e1ficas, showcases desde una din\u00e1mica humana y social para las y los trabajadores que integran esta gran familia en Iberoam\u00e9rica. A partir de esta versi\u00f3n se integrar\u00e1n actividades como rueda de negocios, recorridos tur\u00edsticos, musicales y gastronom\u00eda.<\/p>\n<p>&nbsp;<\/p>\n<p>Este a\u00f1o Aguascalientes ser\u00e1 el estado invitado y con ello reconocer al talento hidroc\u00e1lido, sus festivales m\u00e1s importantes y el estatus actual de su ecosistema musical.<\/p>\n<p>&nbsp;<\/p>\n<p>&nbsp;<\/p>\n<p>Del 24 al 28 de mayo en Centro Cultural de Espa\u00f1a M\u00e9xico y Casa del Lago UNAM, Ciudad de M\u00e9xico y Instituto de Cultura de Aguascalientes<\/p>\n<p>Facebook:<a href=\"https:\/\/www.facebook.com\/eimim.encuentro\"> https:\/\/www.facebook.com\/eimim.encuentro<\/a><\/p>\n<p>Instagram:<a href=\"https:\/\/www.instagram.com\/eimim.mexico\/\"> https:\/\/www.instagram.com\/eimim.mexico\/<\/a><\/p>\n<p>Twitter:<a href=\"https:\/\/twitter.com\/EimimMx\"> https:\/\/twitter.com\/EimimMx<\/a><\/p>\n<p>P\u00e1gina web:<a href=\"https:\/\/t.co\/PxkA0EEf0y\"> eimimmexico.org<\/a><\/p>\n","protected":false},"excerpt":{"rendered":"<p>EIMIM celebrar\u00e1 este 2023 su tercera edici\u00f3n con charlas, conferencias, talleres, proyecciones cinematogr\u00e1ficas, showcases desde una din\u00e1mica humana y social para las y los trabajadores que integran esta gran familia en Iberoam\u00e9rica. A partir de esta versi\u00f3n se integrar\u00e1n actividades como rueda de negocios, recorridos tur\u00edsticos, musicales y gastronom\u00eda. &nbsp; Este a\u00f1o Aguascalientes ser\u00e1 el [&hellip;]<\/p>\n","protected":false},"author":7,"featured_media":15514,"comment_status":"closed","ping_status":"closed","sticky":false,"template":"","format":"standard","meta":{"footnotes":""},"categories":[53],"tags":[],"class_list":["post-15513","post","type-post","status-publish","format-standard","has-post-thumbnail","hentry","category-noticias-generales"],"lang":"es","translations":{"es":15513,"pt":15518},"pll_sync_post":[],"post_mailing_queue_ids":[],"_links":{"self":[{"href":"http:\/\/staging.ibermusicas.org\/index.php\/wp-json\/wp\/v2\/posts\/15513","targetHints":{"allow":["GET"]}}],"collection":[{"href":"http:\/\/staging.ibermusicas.org\/index.php\/wp-json\/wp\/v2\/posts"}],"about":[{"href":"http:\/\/staging.ibermusicas.org\/index.php\/wp-json\/wp\/v2\/types\/post"}],"author":[{"embeddable":true,"href":"http:\/\/staging.ibermusicas.org\/index.php\/wp-json\/wp\/v2\/users\/7"}],"replies":[{"embeddable":true,"href":"http:\/\/staging.ibermusicas.org\/index.php\/wp-json\/wp\/v2\/comments?post=15513"}],"version-history":[{"count":1,"href":"http:\/\/staging.ibermusicas.org\/index.php\/wp-json\/wp\/v2\/posts\/15513\/revisions"}],"predecessor-version":[{"id":15515,"href":"http:\/\/staging.ibermusicas.org\/index.php\/wp-json\/wp\/v2\/posts\/15513\/revisions\/15515"}],"wp:featuredmedia":[{"embeddable":true,"href":"http:\/\/staging.ibermusicas.org\/index.php\/wp-json\/wp\/v2\/media\/15514"}],"wp:attachment":[{"href":"http:\/\/staging.ibermusicas.org\/index.php\/wp-json\/wp\/v2\/media?parent=15513"}],"wp:term":[{"taxonomy":"category","embeddable":true,"href":"http:\/\/staging.ibermusicas.org\/index.php\/wp-json\/wp\/v2\/categories?post=15513"},{"taxonomy":"post_tag","embeddable":true,"href":"http:\/\/staging.ibermusicas.org\/index.php\/wp-json\/wp\/v2\/tags?post=15513"}],"curies":[{"name":"wp","href":"https:\/\/api.w.org\/{rel}","templated":true}]}}