{"id":15518,"date":"2023-05-12T13:12:22","date_gmt":"2023-05-12T13:12:22","guid":{"rendered":"http:\/\/staging.ibermusicas.org\/?p=15518"},"modified":"2023-05-12T13:12:22","modified_gmt":"2023-05-12T13:12:22","slug":"chega-o-encontro-ibero-americano-de-mulheres-na-industria-da-musica-eimim-equity-communities-3a-edicao","status":"publish","type":"post","link":"http:\/\/staging.ibermusicas.org\/index.php\/chega-o-encontro-ibero-americano-de-mulheres-na-industria-da-musica-eimim-equity-communities-3a-edicao\/","title":{"rendered":"Chega o Encontro Ibero-Americano de Mulheres na Ind\u00fastria da M\u00fasica EIMIM, Equity Communities \/ 3\u00aa Edi\u00e7\u00e3o"},"content":{"rendered":"<p>EIMIM celebrar\u00e1 sua terceira edi\u00e7\u00e3o em 2023 com palestras, confer\u00eancias, workshops, proje\u00e7\u00f5es de filmes, mostras de uma din\u00e2mica humana e social para os trabalhadores que integram esta grande fam\u00edlia na Am\u00e9rica Latina. A partir desta vers\u00e3o, ser\u00e3o integradas atividades como confer\u00eancias de neg\u00f3cios, passeios tur\u00edsticos, m\u00fasica e gastronomia.<\/p>\n<p>&nbsp;<\/p>\n<p>Este ano Aguascalientes ser\u00e1 o estado convidado e com ele se reconhecer\u00e1 o talento hidroc\u00e1lido, seus festivais mais importantes e o estado atual de seu ecossistema musical.<\/p>\n<p>&nbsp;<\/p>\n<p>De 24 a 28 de maio no Centro Cultural da Espanha M\u00e9xico e Casa del Lago UNAM, Cidade do M\u00e9xico e Instituto de Cultura de Aguascaliente<\/p>\n<p><strong>F<\/strong>acebook:<a href=\"https:\/\/www.facebook.com\/eimim.encuentro\"> https:\/\/www.facebook.com\/eimim.encuentro<\/a><\/p>\n<p>Instagram:<a href=\"https:\/\/www.instagram.com\/eimim.mexico\/\"> https:\/\/www.instagram.com\/eimim.mexico\/<\/a><\/p>\n<p>Twitter:<a href=\"https:\/\/twitter.com\/EimimMx\"> https:\/\/twitter.com\/EimimMx<\/a><\/p>\n<p>P\u00e1gina web:<a href=\"https:\/\/t.co\/PxkA0EEf0y\"> eimimmexico.org<\/a><\/p>\n","protected":false},"excerpt":{"rendered":"<p>EIMIM celebrar\u00e1 sua terceira edi\u00e7\u00e3o em 2023 com palestras, confer\u00eancias, workshops, proje\u00e7\u00f5es de filmes, mostras de uma din\u00e2mica humana e social para os trabalhadores que integram esta grande fam\u00edlia na Am\u00e9rica Latina. A partir desta vers\u00e3o, ser\u00e3o integradas atividades como confer\u00eancias de neg\u00f3cios, passeios tur\u00edsticos, m\u00fasica e gastronomia. &nbsp; Este ano Aguascalientes ser\u00e1 o estado [&hellip;]<\/p>\n","protected":false},"author":7,"featured_media":15514,"comment_status":"closed","ping_status":"closed","sticky":false,"template":"","format":"standard","meta":{"footnotes":""},"categories":[218],"tags":[],"class_list":["post-15518","post","type-post","status-publish","format-standard","has-post-thumbnail","hentry","category-noticias-generales-pt"],"lang":"pt","translations":{"pt":15518,"es":15513},"pll_sync_post":[],"post_mailing_queue_ids":[],"_links":{"self":[{"href":"http:\/\/staging.ibermusicas.org\/index.php\/wp-json\/wp\/v2\/posts\/15518","targetHints":{"allow":["GET"]}}],"collection":[{"href":"http:\/\/staging.ibermusicas.org\/index.php\/wp-json\/wp\/v2\/posts"}],"about":[{"href":"http:\/\/staging.ibermusicas.org\/index.php\/wp-json\/wp\/v2\/types\/post"}],"author":[{"embeddable":true,"href":"http:\/\/staging.ibermusicas.org\/index.php\/wp-json\/wp\/v2\/users\/7"}],"replies":[{"embeddable":true,"href":"http:\/\/staging.ibermusicas.org\/index.php\/wp-json\/wp\/v2\/comments?post=15518"}],"version-history":[{"count":1,"href":"http:\/\/staging.ibermusicas.org\/index.php\/wp-json\/wp\/v2\/posts\/15518\/revisions"}],"predecessor-version":[{"id":15519,"href":"http:\/\/staging.ibermusicas.org\/index.php\/wp-json\/wp\/v2\/posts\/15518\/revisions\/15519"}],"wp:featuredmedia":[{"embeddable":true,"href":"http:\/\/staging.ibermusicas.org\/index.php\/wp-json\/wp\/v2\/media\/15514"}],"wp:attachment":[{"href":"http:\/\/staging.ibermusicas.org\/index.php\/wp-json\/wp\/v2\/media?parent=15518"}],"wp:term":[{"taxonomy":"category","embeddable":true,"href":"http:\/\/staging.ibermusicas.org\/index.php\/wp-json\/wp\/v2\/categories?post=15518"},{"taxonomy":"post_tag","embeddable":true,"href":"http:\/\/staging.ibermusicas.org\/index.php\/wp-json\/wp\/v2\/tags?post=15518"}],"curies":[{"name":"wp","href":"https:\/\/api.w.org\/{rel}","templated":true}]}}