{"id":15520,"date":"2023-05-12T13:34:42","date_gmt":"2023-05-12T13:34:42","guid":{"rendered":"http:\/\/staging.ibermusicas.org\/?p=15520"},"modified":"2023-06-01T12:48:06","modified_gmt":"2023-06-01T12:48:06","slug":"la-agrupacion-argentina-violentango-emprende-una-gira-por-colombia-y-panama","status":"publish","type":"post","link":"http:\/\/staging.ibermusicas.org\/index.php\/la-agrupacion-argentina-violentango-emprende-una-gira-por-colombia-y-panama\/","title":{"rendered":"La agrupaci\u00f3n argentina Violentango emprende una gira por Colombia y Panam\u00e1"},"content":{"rendered":"<p>Violentango lleva su show de nivel internacional a Colombia y Panam\u00e1. El grupo Violentango\u00a0 es embajador de la Marca Pa\u00eds Argentina desde el a\u00f1o 2012 y est\u00e1n declarados de inter\u00e9s cultural por el Ministerio de Cultura de la Naci\u00f3n en 2012 y por la Legislatura Porte\u00f1a en 2019, entre otros reconocimientos.<\/p>\n<p>&nbsp;<\/p>\n<p>Participaron en destacados eventos como la Copa Argentina de Polo en UK, La noche Malbec en Roma y la Semana Argentina en San Pablo, entre otros. Se han presentado en grandes festivales como Glastonbury UK, Canarias Jazz Heineken ES, Nisville Jazz SR, Vive Latino MX, Jazz Al Parque COL, Virada Cultural BR, FIA CR.<\/p>\n<p>&nbsp;<\/p>\n<p>25 mayo en Panam\u00e1 &#8211; World Music Panama<\/p>\n<p>26 de mayo en Medell\u00edn, Colombia<\/p>\n<p>27 mayo en Bogot\u00e1, Colombia &#8211; Universidad de los Andes.<\/p>\n","protected":false},"excerpt":{"rendered":"<p>Violentango lleva su show de nivel internacional a Colombia y Panam\u00e1. El grupo Violentango\u00a0 es embajador de la Marca Pa\u00eds Argentina desde el a\u00f1o 2012 y est\u00e1n declarados de inter\u00e9s cultural por el Ministerio de Cultura de la Naci\u00f3n en 2012 y por la Legislatura Porte\u00f1a en 2019, entre otros reconocimientos. &nbsp; Participaron en destacados [&hellip;]<\/p>\n","protected":false},"author":7,"featured_media":15521,"comment_status":"closed","ping_status":"closed","sticky":false,"template":"","format":"standard","meta":{"footnotes":""},"categories":[53],"tags":[],"class_list":["post-15520","post","type-post","status-publish","format-standard","has-post-thumbnail","hentry","category-noticias-generales"],"lang":"es","translations":{"es":15520,"pt":15523},"pll_sync_post":[],"post_mailing_queue_ids":[],"_links":{"self":[{"href":"http:\/\/staging.ibermusicas.org\/index.php\/wp-json\/wp\/v2\/posts\/15520","targetHints":{"allow":["GET"]}}],"collection":[{"href":"http:\/\/staging.ibermusicas.org\/index.php\/wp-json\/wp\/v2\/posts"}],"about":[{"href":"http:\/\/staging.ibermusicas.org\/index.php\/wp-json\/wp\/v2\/types\/post"}],"author":[{"embeddable":true,"href":"http:\/\/staging.ibermusicas.org\/index.php\/wp-json\/wp\/v2\/users\/7"}],"replies":[{"embeddable":true,"href":"http:\/\/staging.ibermusicas.org\/index.php\/wp-json\/wp\/v2\/comments?post=15520"}],"version-history":[{"count":1,"href":"http:\/\/staging.ibermusicas.org\/index.php\/wp-json\/wp\/v2\/posts\/15520\/revisions"}],"predecessor-version":[{"id":15522,"href":"http:\/\/staging.ibermusicas.org\/index.php\/wp-json\/wp\/v2\/posts\/15520\/revisions\/15522"}],"wp:featuredmedia":[{"embeddable":true,"href":"http:\/\/staging.ibermusicas.org\/index.php\/wp-json\/wp\/v2\/media\/15521"}],"wp:attachment":[{"href":"http:\/\/staging.ibermusicas.org\/index.php\/wp-json\/wp\/v2\/media?parent=15520"}],"wp:term":[{"taxonomy":"category","embeddable":true,"href":"http:\/\/staging.ibermusicas.org\/index.php\/wp-json\/wp\/v2\/categories?post=15520"},{"taxonomy":"post_tag","embeddable":true,"href":"http:\/\/staging.ibermusicas.org\/index.php\/wp-json\/wp\/v2\/tags?post=15520"}],"curies":[{"name":"wp","href":"https:\/\/api.w.org\/{rel}","templated":true}]}}