{"id":15525,"date":"2023-05-12T13:38:15","date_gmt":"2023-05-12T13:38:15","guid":{"rendered":"http:\/\/staging.ibermusicas.org\/?p=15525"},"modified":"2023-06-01T12:47:51","modified_gmt":"2023-06-01T12:47:51","slug":"el-paisaxe-ensamble-de-panama-estrenara-pequeno-mundo-claroscuro-de-la-compositora-ecuatoriana-ana-gonzalez-gamboa","status":"publish","type":"post","link":"http:\/\/staging.ibermusicas.org\/index.php\/el-paisaxe-ensamble-de-panama-estrenara-pequeno-mundo-claroscuro-de-la-compositora-ecuatoriana-ana-gonzalez-gamboa\/","title":{"rendered":"El Paisaxe Ensamble de Panam\u00e1 estrenar\u00e1 \u201cPeque\u00f1o mundo claroscuro\u201d de la compositora ecuatoriana Ana Gonz\u00e1lez Gamboa"},"content":{"rendered":"<p>\u201cPeque\u00f1o mundo claroscuro\u201d, obra mixta para clarinete, viol\u00edn, viola, violoncello, contrabajo y electr\u00f3nica, ser\u00e1 estrenada en la Universidad de Panam\u00e1, donde se ofrecer\u00e1 un encuentro centrado en la nueva m\u00fasica, se desarrollar\u00e1 un conversatorio sobre el proceso creativo, un di\u00e1logo entre la compositora y los int\u00e9rpretes, poniendo en pr\u00e1ctica la autor\u00eda colectiva con el fin de abrir un espacio de difusi\u00f3n de un g\u00e9nero de gran importancia en el panorama musical contempor\u00e1neo.<\/p>\n<p>&nbsp;<\/p>\n<p>\u201cPeque\u00f1o mundo claroscuro\u201d de\u00a0 Ana Gonz\u00e1lez Gamboa fue una de las obras ganadoras de la edici\u00f3n 2022 del Concurso Iberm\u00fasicas de<em> Composici\u00f3n y estreno de obra.<\/em><\/p>\n<p><em>\u00a0<\/em><\/p>\n<p>Seg\u00fan palabras de la compositora <em>\u201cEsta obra pretende plasmar, herramientas musicales que he heredado en mi pr\u00e1ctica musical. Lejos de definirme por una est\u00e9tica o estilo particular, el foco principal de mi trabajo ser\u00e1 elaborar y explorar narrativas bajo el concepto de glitch. La idea principal de esta obra nace en primera instancia como una necesidad personal de ampliar mi mirada y b\u00fasqueda como creadora, en cuanto a contemplar la oportunidad de trabajar con Glitch, no solo como un recurso sonoro m\u00e1s para la creaci\u00f3n musical, si no como eje principal y elemento motor\u201d.<\/em><\/p>\n<p><em>\u00a0<\/em><\/p>\n<p>Pequen\u0303o mundo claroscuro establece un dia\u0301logo de recursos hi\u0301bridos entre los instrumentos acu\u0301sticos y la electro\u0301nica, que exploran los li\u0301mites de la saturacio\u0301n tanto ti\u0301mbricas como ri\u0301tmicas, dando como resultado sonoridades complejas; con la finalidad de no perder la cualidad de la fuente, su timbre, textura y gestualidad y asi\u0301 generar una sola unidad discursiva, que se encuentran en constante dia\u0301logo y que nunca dejan de renovarse y reinventarse.<\/p>\n<p>&nbsp;<\/p>\n<p>Ana Gonz\u00e1lez Gamboa es compositora, violoncellista experimental e improvisadora ecuatoriana, su m\u00fasica navega los l\u00edmites entre la saturaci\u00f3n y la ambig\u00fcedad del contexto latinoamericano que la rodea. El sonido, como part\u00edcula transmisora de pensamientos, sensaciones y emociones es su modo de comunicaci\u00f3n. Radicada en Buenos Aires desde 2010, cuenta con seis EP editados en diferentes proyectos como improvisadora y compositora. Participa activamente desde 2012 hasta la actualidad en diversos ciclos y festivales musicales e interdisciplinarios en latinoam\u00e9rica, su m\u00fasica ha sido comisionada,, programadas e interpretadas en diferentes festivales, ciclos y residencias compositivas, como: Festival Atempora\u0301nea (Argentina), Festival Distat Terra (Argentina), Festival Internacional de Mu\u0301sica Electroacu\u0301stica-Centro Cultural Kirchner) (Argentina), XIX El Festival Internacional de Mu\u0301sica Electroacu\u0301stica y Experimental Ai-Maako, (Chile), Festival Mu\u0301sica Ocupa (Ecuador), XIV Bienal de Cuenca (Ecuador), Festival TACEC- Primera (Argentina), entre otros. Obtuvo el Premio Ibermu\u0301sicas de composicio\u0301n y estreno de obra 2021 y 2022, 2\u00b0 Premio de la Tribuna de la Mu\u0301sica Argentina 2021 (Consejo Argentino de la Mu\u0301sica) y el Premio Municipal a las Ciencias y las Artes (Ecuador, 2019). Fue becaria MAGA (UNQ-ISA, Cuba, 2018), TACEC: Primera Generacio\u0301n (Teatro Argentino, 2018), Germina.Cciones (Ibermu\u0301sicas-Chile, 2019), PUJ\/Ibermu\u0301sicas (Colombia, 2019), Beca Composicio\u0301n Sinfo\u0301nica (Ecuador 2021) y Beca Latinoam\u00e9rica &#8211; New music on the point (EEUU 2023)<\/p>\n<p>&nbsp;<\/p>\n<p>Paisaxe Ensamble fue fundado en 2008. Ha dirigido sus esfuerzos a la investigaci\u00f3n y desarrollo de la m\u00fasica de c\u00e1mara, con especial atenci\u00f3n al repertorio cl\u00e1sico, latinoamericano y a la m\u00fasica contempor\u00e1nea. Desde el 2016, est\u00e1 dedicado al rescate, estudio y divulgaci\u00f3n de la m\u00fasica del gran maestro y compositor chiricano, Gonzalo Brenes; quien posterior a sus estudios en Europa fuere no s\u00f3lo el responsable de la m\u00fasica de la ic\u00f3nica Cucarachita Mandinga, sino adem\u00e1s creador de una importante lista de canciones que definen, conjunto con la obra de Roque Cordero, la identidad de la m\u00fasica cl\u00e1sica paname\u00f1a. El ensemble se ha destacado en prestigiosas salas y festivales de Panam\u00e1 tales como: Feria Internacional del Libro, Feria de la M\u00fasica de la Alianza Francesa, World Music Fest Panam\u00e1, Artblock, Festival Bohemio, Festival de M\u00fasica Contempor\u00e1nea Musicarte, Festival de San Francisco de la Monta\u00f1a, Residencia Art\u00edstica Finca Dr\u00e1cula, Panama Jazz Festival, y en un sin n\u00famero de eventos art\u00edsticos y talleres did\u00e1cticos. En el 2018 y 2021, fueron galardonados por Iberm\u00fasicas como parte del proyecto del compositor costarricense Pablo Chin, para el estreno de sus m\u00e1s recientes obras en el Centro Cultural de Espa\u00f1a &#8211; Panam\u00e1, Casa del Soldado y Museo del Canal. Igualmente han colaborado con notables compositores internacionales de la actualidad tales como: Mario Lavista (M\u00e9xico), Sergio Rodrigo (Brasil), Martin Herraiz (Brasil), Valentin Pelisch (Argentina), Federico Garc\u00eda de Castro (Colombia); as\u00ed como nacionales: Elcio de S\u00e1, Luis Carlos P\u00e9rez y Ricardo Risco, actual subdirector de la Orquesta Sinf\u00f3nica Nacional de Panam\u00e1.<\/p>\n<p>&nbsp;<\/p>\n<p>&nbsp;<\/p>\n<p>Viernes 26 de mayo, 11:00 am, Facultad de Bellas Artes, Sal\u00f3n F-111, Universidad de Panam\u00e1<\/p>\n","protected":false},"excerpt":{"rendered":"<p>\u201cPeque\u00f1o mundo claroscuro\u201d, obra mixta para clarinete, viol\u00edn, viola, violoncello, contrabajo y electr\u00f3nica, ser\u00e1 estrenada en la Universidad de Panam\u00e1, donde se ofrecer\u00e1 un encuentro centrado en la nueva m\u00fasica, se desarrollar\u00e1 un conversatorio sobre el proceso creativo, un di\u00e1logo entre la compositora y los int\u00e9rpretes, poniendo en pr\u00e1ctica la autor\u00eda colectiva con el fin [&hellip;]<\/p>\n","protected":false},"author":7,"featured_media":15526,"comment_status":"closed","ping_status":"closed","sticky":false,"template":"","format":"standard","meta":{"footnotes":""},"categories":[53],"tags":[],"class_list":["post-15525","post","type-post","status-publish","format-standard","has-post-thumbnail","hentry","category-noticias-generales"],"lang":"es","translations":{"es":15525,"pt":15528},"pll_sync_post":[],"post_mailing_queue_ids":[],"_links":{"self":[{"href":"http:\/\/staging.ibermusicas.org\/index.php\/wp-json\/wp\/v2\/posts\/15525","targetHints":{"allow":["GET"]}}],"collection":[{"href":"http:\/\/staging.ibermusicas.org\/index.php\/wp-json\/wp\/v2\/posts"}],"about":[{"href":"http:\/\/staging.ibermusicas.org\/index.php\/wp-json\/wp\/v2\/types\/post"}],"author":[{"embeddable":true,"href":"http:\/\/staging.ibermusicas.org\/index.php\/wp-json\/wp\/v2\/users\/7"}],"replies":[{"embeddable":true,"href":"http:\/\/staging.ibermusicas.org\/index.php\/wp-json\/wp\/v2\/comments?post=15525"}],"version-history":[{"count":1,"href":"http:\/\/staging.ibermusicas.org\/index.php\/wp-json\/wp\/v2\/posts\/15525\/revisions"}],"predecessor-version":[{"id":15527,"href":"http:\/\/staging.ibermusicas.org\/index.php\/wp-json\/wp\/v2\/posts\/15525\/revisions\/15527"}],"wp:featuredmedia":[{"embeddable":true,"href":"http:\/\/staging.ibermusicas.org\/index.php\/wp-json\/wp\/v2\/media\/15526"}],"wp:attachment":[{"href":"http:\/\/staging.ibermusicas.org\/index.php\/wp-json\/wp\/v2\/media?parent=15525"}],"wp:term":[{"taxonomy":"category","embeddable":true,"href":"http:\/\/staging.ibermusicas.org\/index.php\/wp-json\/wp\/v2\/categories?post=15525"},{"taxonomy":"post_tag","embeddable":true,"href":"http:\/\/staging.ibermusicas.org\/index.php\/wp-json\/wp\/v2\/tags?post=15525"}],"curies":[{"name":"wp","href":"https:\/\/api.w.org\/{rel}","templated":true}]}}