{"id":15533,"date":"2023-05-12T13:42:17","date_gmt":"2023-05-12T13:42:17","guid":{"rendered":"http:\/\/staging.ibermusicas.org\/?p=15533"},"modified":"2023-06-01T13:12:39","modified_gmt":"2023-06-01T13:12:39","slug":"o-pumpumyachkan-tinkuy-sera-realizado-no-peru","status":"publish","type":"post","link":"http:\/\/staging.ibermusicas.org\/index.php\/o-pumpumyachkan-tinkuy-sera-realizado-no-peru\/","title":{"rendered":"O Pumpumyachkan tinkuy ser\u00e1 realizado no Peru"},"content":{"rendered":"<p>Pumpumyachkan tinkuy \u00e9 um tempo e espa\u00e7o de encontro e reuni\u00e3o no territ\u00f3rio andino, dedicado \u00e0 pesquisa, difus\u00e3o, produ\u00e7\u00e3o e transfer\u00eancia de conhecimentos e experi\u00eancias em Som e Produ\u00e7\u00e3o Audiovisual com Novas M\u00eddias e Tecnologias Livres, reunindo pessoas, coletivos e projetos que, a partir destas ferramentas, exploram quest\u00f5es relacionadas ao Territ\u00f3rio, Mem\u00f3ria e Culturas Locais. Esta edi\u00e7\u00e3o reunir\u00e1 a\u00e7\u00f5es em v\u00e1rias cidades do norte e do sul do Peru.<\/p>\n<p>&nbsp;<\/p>\n<p>Participa no programa deste encontro o D&#8217;Binis Duo, um grupo mexicano baseado em Hamilton, Canad\u00e1, um duo audiovisual de cumbia electr\u00f3nica e inform\u00e1tica, que apresentar\u00e1 um concerto e dois workshops, um na mesma cidade, e outro na comunidade de Acopia, tudo isto adicionalmente no contexto do projecto Yupana Simi, uma ferramenta de explora\u00e7\u00e3o audiovisual atrav\u00e9s do c\u00f3digo, interpretada numa sintaxe inspirada na l\u00edngua qu\u00edchua, uma ferramenta desenvolvida por uma extensa equipa baseada no Peru e noutros territ\u00f3rios dos quais o D&#8217; Binis tamb\u00e9m faz parte.<\/p>\n<p>&nbsp;<\/p>\n<p>D&#8217;Binis \u00e9 formado por Jessica Rodrigues t.c.p. VJ Bini e Luis Navarro t.c.p. DJ Bini. Alguns dos \u00eaxitos do D&#8217;Binis incluem \u00abLa cumbia de la lluvia 2.0\u00bb e \u00abLa cumbia Michoacana\u00bb. Os D&#8217;Binis est\u00e3o sediados em Hamilton, no entanto, fazem uma digress\u00e3o regular pela Am\u00e9rica Latina, a casa do VJ Bini e do DJ Bini.<\/p>\n<p>&nbsp;<\/p>\n<p>&nbsp;<\/p>\n<p>Sexta-feira, 26 de maio, Workshop Yupana Simi. I.E. Miguel \u00c1ngel Hurtado Delgado. Acop\u00eda, Cusco, Peru<\/p>\n<p>&nbsp;<\/p>\n<p>De segunda-feira 29 de maio a sexta-feira 2 de junho, Yupana Simi Workshop. Qosqo maki. Cusco, Peru<\/p>\n<p>&nbsp;<\/p>\n<p>Sexta-feira, 02 de junho, Augusta Arte Revoluci\u00f3n, Concerto Cusco, Peru<\/p>\n","protected":false},"excerpt":{"rendered":"<p>Pumpumyachkan tinkuy \u00e9 um tempo e espa\u00e7o de encontro e reuni\u00e3o no territ\u00f3rio andino, dedicado \u00e0 pesquisa, difus\u00e3o, produ\u00e7\u00e3o e transfer\u00eancia de conhecimentos e experi\u00eancias em Som e Produ\u00e7\u00e3o Audiovisual com Novas M\u00eddias e Tecnologias Livres, reunindo pessoas, coletivos e projetos que, a partir destas ferramentas, exploram quest\u00f5es relacionadas ao Territ\u00f3rio, Mem\u00f3ria e Culturas Locais. [&hellip;]<\/p>\n","protected":false},"author":7,"featured_media":15531,"comment_status":"closed","ping_status":"closed","sticky":false,"template":"","format":"standard","meta":{"footnotes":""},"categories":[218],"tags":[],"class_list":["post-15533","post","type-post","status-publish","format-standard","has-post-thumbnail","hentry","category-noticias-generales-pt"],"lang":"pt","translations":{"pt":15533,"es":15530},"pll_sync_post":[],"post_mailing_queue_ids":[],"_links":{"self":[{"href":"http:\/\/staging.ibermusicas.org\/index.php\/wp-json\/wp\/v2\/posts\/15533","targetHints":{"allow":["GET"]}}],"collection":[{"href":"http:\/\/staging.ibermusicas.org\/index.php\/wp-json\/wp\/v2\/posts"}],"about":[{"href":"http:\/\/staging.ibermusicas.org\/index.php\/wp-json\/wp\/v2\/types\/post"}],"author":[{"embeddable":true,"href":"http:\/\/staging.ibermusicas.org\/index.php\/wp-json\/wp\/v2\/users\/7"}],"replies":[{"embeddable":true,"href":"http:\/\/staging.ibermusicas.org\/index.php\/wp-json\/wp\/v2\/comments?post=15533"}],"version-history":[{"count":1,"href":"http:\/\/staging.ibermusicas.org\/index.php\/wp-json\/wp\/v2\/posts\/15533\/revisions"}],"predecessor-version":[{"id":15534,"href":"http:\/\/staging.ibermusicas.org\/index.php\/wp-json\/wp\/v2\/posts\/15533\/revisions\/15534"}],"wp:featuredmedia":[{"embeddable":true,"href":"http:\/\/staging.ibermusicas.org\/index.php\/wp-json\/wp\/v2\/media\/15531"}],"wp:attachment":[{"href":"http:\/\/staging.ibermusicas.org\/index.php\/wp-json\/wp\/v2\/media?parent=15533"}],"wp:term":[{"taxonomy":"category","embeddable":true,"href":"http:\/\/staging.ibermusicas.org\/index.php\/wp-json\/wp\/v2\/categories?post=15533"},{"taxonomy":"post_tag","embeddable":true,"href":"http:\/\/staging.ibermusicas.org\/index.php\/wp-json\/wp\/v2\/tags?post=15533"}],"curies":[{"name":"wp","href":"https:\/\/api.w.org\/{rel}","templated":true}]}}