{"id":15535,"date":"2023-05-12T13:44:00","date_gmt":"2023-05-12T13:44:00","guid":{"rendered":"http:\/\/staging.ibermusicas.org\/?p=15535"},"modified":"2023-06-01T12:47:36","modified_gmt":"2023-06-01T12:47:36","slug":"la-cantautora-uruguaya-florencia-nunez-emprende-una-gira-por-la-patagonia-argentina","status":"publish","type":"post","link":"http:\/\/staging.ibermusicas.org\/index.php\/la-cantautora-uruguaya-florencia-nunez-emprende-una-gira-por-la-patagonia-argentina\/","title":{"rendered":"La cantautora uruguaya Florencia N\u00fa\u00f1ez emprende una gira por la Patagonia Argentina"},"content":{"rendered":"<p>Florencia N\u00fa\u00f1ez, cantante y compositora uruguaya. Con diez a\u00f1os de carrera y tres discos editados, se ha posicionado como una de las voces m\u00e1s relevantes de la escena uruguaya. Es ganadora de 6 premios graffiti<\/p>\n<p>&nbsp;<\/p>\n<p>Florencia Nu\u0301n\u0303ez (21 de febrero de 1991) es una cantante y compositora rochense. Sus canciones transitan por el pop luminoso y optimista con guin\u0303os al indie y al folk. Con tres discos en su haber, \u00abMesopotamia\u00bb, \u00abPalabra cla\u0301sica\u00bb y \u00abPorque Todas Las Quiero Cantar: un homenaje a la cancio\u0301n rochense\u00bb, se ha posicionado como una de las voces femeninas a seguir dentro de la mu\u0301sica uruguaya.<\/p>\n<p>&nbsp;<\/p>\n<p>Su primer LP, \u00abMesopotamia\u00bb (2014), fue editado por su sello independiente \u00abLa Nena Discos\u00bb. \u00abMesopotamia\u00bb fue galardonado como Mejor A\u0301lbum Indie en los Premios Graffiti 2015. Tambie\u0301n en 2015, Florencia recibio\u0301 el Premio Nacional de Mu\u0301sica que otorga el MEC y en enero de 2016 obtuvo el Premio Ibermu\u0301sicas en el 2do Concurso de Composicio\u0301n de Cancio\u0301n Popular. Ha compartido escenario con mu\u0301sicos de la talla de Estela Magnone, Laura Canoura, Franny Glass, No Te Va Gustar y Marti\u0301n Buscaglia.<\/p>\n<p>&nbsp;<\/p>\n<p>Realizo\u0301 los shows de apertura en Uruguay de Jose\u0301 Gonza\u0301lez, Carla Morrison, Julieta Venegas e Ismael Serrano. Participo\u0301 en el Festival SXSW en Austin, Texas, en su edicio\u0301n de 2016, realizo\u0301 varias presentaciones en Me\u0301xico y Argentina y en 2017 se presento\u0301 en el Festival Abril Para Vivir en Granada, Espan\u0303a.<\/p>\n<p>&nbsp;<\/p>\n<p>En 2017 edito\u0301 -nuevamente a trave\u0301s del sello discogra\u0301fico La nena, su segundo disco, Palabra cla\u0301sica, junto al productor Guillermo Berta y una destacada seleccio\u0301n de mu\u0301sicos y arregladores. Palabra cla\u0301sica tuvo su presentacio\u0301n oficial en La Trastienda Montevideo y en el Centro Cultural Kirchner de Buenos Aires. El disco le valio\u0301 a Florencia una triple nominacio\u0301n a los Premios Graffiti a la mu\u0301sica uruguaya 2018 en las categori\u0301as Mejor Album Pop, Mejor Solista Femenina y Mejor Compositor del an\u0303o. Finalmente recibio\u0301 este u\u0301ltimo galardo\u0301n y se convirtio\u0301 en la primera mujer en la historia de su pai\u0301s en recibir dicho reconocimiento.<\/p>\n<p>&nbsp;<\/p>\n<p>En octubre de 2020 lanza su tercer trabajo discogra\u0301fico junto al sello Bizarro, que nace como parte de la banda sonora del largometraje documental que produjo y dirigio\u0301: \u00abPorque todas las quiero cantar: un homenaje a la cancio\u0301n rochense\u00bb. Porque todas las quiero cantar es su deseo por revivir aquella mu\u0301sica que la hizo crecer. Un homenaje a la mu\u0301sica de su departamento a trave\u0301s de la re versio\u0301n e interpretacio\u0301n de cinco temas que marcaron su cancionero. La peli\u0301cula fue pre estrenada en el 38\u00b0 Festival Cinematogra\u0301fico Internacional del Uruguay en la seccio\u0301n Ensayo de orquesta y tuvo su estreno en cines en agosto de 2021, con gran \u00e9xito en taquilla y cr\u00edtica.<\/p>\n<p>&nbsp;<\/p>\n<p>Florencia y su \u00e1lbum Porque Todas Las Quiero Cantar arrasaron en la 19\u00b0 edici\u00f3n de los premios Graffiti a la M\u00fasica Uruguaya consagr\u00e1ndose en 6 categor\u00edas: \u00c1lbum del a\u00f1o, Tema del a\u00f1o y Mejor Canci\u00f3n de M\u00fasica Popular Uruguaya (ambos por Contigo y en el palmar), Mejor \u00e1lbum de m\u00fasica popular uruguaya, Solista Femenina del A\u00f1o y Productor del a\u00f1o (para Florencia, Guillermo Berta y Nicol\u00e1s Molina). Es la primera vez que una mujer se consagra en las principales categor\u00edas de los premios m\u00e1s importantes de la m\u00fasica nacional.<\/p>\n<p>&nbsp;<\/p>\n<p>Para cerrar el 2021, Florencia recibi\u00f3 nuevamente el Primer puesto en el Premio Nacional de M\u00fasica del Ministerio de Educaci\u00f3n Cultura en la categor\u00eda Rock, pop y tendencias por su canci\u00f3n in\u00e9dita \u00abLo cant\u00e9\u00bb. Asimismo, la banda No te va gustar encarg\u00f3 a Florencia la producci\u00f3n art\u00edstica y versi\u00f3n de la canci\u00f3n \u00abNunca m\u00e1s a mi lado\u00bb por su d\u00e9cimo aniversario, para la que cont\u00f3 con la participaci\u00f3n de grandes artistas uruguayas como Natalia Oreiro, Ana Prada, Agus Padilla, entre otras. Florencia particip\u00f3 del masivo show que diera la banda uruguaya en el Estadio \u00danico de La Plata con una versi\u00f3n ac\u00fastica de la mencionada canci\u00f3n, que est\u00e1 disponible en todas las plataformas digitales.<\/p>\n<p>&nbsp;<\/p>\n<p>25 de mayo, 20 hs. en Estaci\u00f3n Araucania, Bariloche, Argentina<\/p>\n<p>28 de mayo, 21 hs. en Nombre Lugar, Jun\u00edn de los Andes, Argentina<\/p>\n<p>30 de mayo, 21 hs. en Fibra, Viedma, Argentina<\/p>\n","protected":false},"excerpt":{"rendered":"<p>Florencia N\u00fa\u00f1ez, cantante y compositora uruguaya. Con diez a\u00f1os de carrera y tres discos editados, se ha posicionado como una de las voces m\u00e1s relevantes de la escena uruguaya. Es ganadora de 6 premios graffiti &nbsp; Florencia Nu\u0301n\u0303ez (21 de febrero de 1991) es una cantante y compositora rochense. Sus canciones transitan por el pop [&hellip;]<\/p>\n","protected":false},"author":7,"featured_media":15536,"comment_status":"closed","ping_status":"closed","sticky":false,"template":"","format":"standard","meta":{"footnotes":""},"categories":[53],"tags":[],"class_list":["post-15535","post","type-post","status-publish","format-standard","has-post-thumbnail","hentry","category-noticias-generales"],"lang":"es","translations":{"es":15535,"pt":15538},"pll_sync_post":[],"post_mailing_queue_ids":[],"_links":{"self":[{"href":"http:\/\/staging.ibermusicas.org\/index.php\/wp-json\/wp\/v2\/posts\/15535","targetHints":{"allow":["GET"]}}],"collection":[{"href":"http:\/\/staging.ibermusicas.org\/index.php\/wp-json\/wp\/v2\/posts"}],"about":[{"href":"http:\/\/staging.ibermusicas.org\/index.php\/wp-json\/wp\/v2\/types\/post"}],"author":[{"embeddable":true,"href":"http:\/\/staging.ibermusicas.org\/index.php\/wp-json\/wp\/v2\/users\/7"}],"replies":[{"embeddable":true,"href":"http:\/\/staging.ibermusicas.org\/index.php\/wp-json\/wp\/v2\/comments?post=15535"}],"version-history":[{"count":1,"href":"http:\/\/staging.ibermusicas.org\/index.php\/wp-json\/wp\/v2\/posts\/15535\/revisions"}],"predecessor-version":[{"id":15537,"href":"http:\/\/staging.ibermusicas.org\/index.php\/wp-json\/wp\/v2\/posts\/15535\/revisions\/15537"}],"wp:featuredmedia":[{"embeddable":true,"href":"http:\/\/staging.ibermusicas.org\/index.php\/wp-json\/wp\/v2\/media\/15536"}],"wp:attachment":[{"href":"http:\/\/staging.ibermusicas.org\/index.php\/wp-json\/wp\/v2\/media?parent=15535"}],"wp:term":[{"taxonomy":"category","embeddable":true,"href":"http:\/\/staging.ibermusicas.org\/index.php\/wp-json\/wp\/v2\/categories?post=15535"},{"taxonomy":"post_tag","embeddable":true,"href":"http:\/\/staging.ibermusicas.org\/index.php\/wp-json\/wp\/v2\/tags?post=15535"}],"curies":[{"name":"wp","href":"https:\/\/api.w.org\/{rel}","templated":true}]}}