{"id":15540,"date":"2023-05-12T14:13:47","date_gmt":"2023-05-12T14:13:47","guid":{"rendered":"http:\/\/staging.ibermusicas.org\/?p=15540"},"modified":"2023-06-01T12:47:30","modified_gmt":"2023-06-01T12:47:30","slug":"el-ensamble-suono-mobile-de-argentina-estrena-la-obra-estudio-timbrico-de-lo-efimero-y-volatil-de-la-compositora-colombiana-michele-abondano","status":"publish","type":"post","link":"http:\/\/staging.ibermusicas.org\/index.php\/el-ensamble-suono-mobile-de-argentina-estrena-la-obra-estudio-timbrico-de-lo-efimero-y-volatil-de-la-compositora-colombiana-michele-abondano\/","title":{"rendered":"El ensamble Suono Mobile de Argentina estrena la obra \u201cEstudio t\u00edmbrico de lo ef\u00edmero y vol\u00e1til\u201d de la compositora colombiana Michele Abondano"},"content":{"rendered":"<p>Estudio t\u00edmbrico de lo ef\u00edmero y vol\u00e1til es el t\u00edtulo de una de las obras ganadoras de la edici\u00f3n 2022 del Concurso Iberm\u00fasicas de Creaci\u00f3n y Estreno de Obra. La obra fue compuesta por la compositora colombiana Michele Abondano quien viajar\u00e1 especialmente a C\u00f3rdoba, Argentina, no s\u00f3lo para estar presente en el estreno sino tambi\u00e9n para realizar diversas actividades junto al ensamble. Se plantean actividades complementarias para generar intercambio entre la compositora, estudiantes de m\u00fasica, docentes, j\u00f3venes m\u00fasicos y p\u00fablico en general de C\u00f3rdoba. La compositora, residente en Colombia, estar\u00e1 presente y dictar\u00e1 algunas de las actividades. Estas incluyen la participaci\u00f3n de la Facultad de Arte y Dise\u00f1o de la Universidad Provincial de C\u00f3rdoba, la Facultad de Artes de la Universidad Nacional de C\u00f3rdoba y el Aula Magna de la Facultad de Ciencias Exactas, F\u00edsicas y Naturales de la Universidad Nacional de C\u00f3rdoba.<\/p>\n<p>&nbsp;<\/p>\n<p>Michele Abondano es compositora, investigadora e int\u00e9rprete experimental. Su trabajo creativo se ha desarrollado en las \u00e1reas de la m\u00fasica ac\u00fastica, la m\u00fasica electroac\u00fastica, la electr\u00f3nica en vivo y los procesos colaborativos con danza. Su principal inter\u00e9s compositivo es el timbre, especialmente su condici\u00f3n multidimensional y din\u00e1mica. Recibi\u00f3 el t\u00edtulo de doctorado en composici\u00f3n, PhD, de la Universidad de Leeds en donde realiz\u00f3 su investigaci\u00f3n gracias a la AHC Doctoral Research Scholarship.<\/p>\n<p>&nbsp;<\/p>\n<p>Indira Montoya. Artista de performance y artista visual invitada. Codirectora de hipermedula.org, plataforma de comunicaci\u00f3n cultural en Iberoam\u00e9rica. Formada en las cl\u00ednicas de Soledad S\u00e1nchez Goldar, An\u00edbal Buede, Lucas di Pascuale, Gabriela Halac y Guillermo G\u00f3mez Pe\u00f1a entre otrxs. \u00daltimas muestras individuales: Materiales para una gram\u00e1tica del cuerpo, Curadur\u00eda de An\u00edbal Buede, La C\u00fapula, Octubre &#8211; Noviembre 2017; Mi patria de Espinas, Museo Genaro P\u00e9rez, C\u00f3rdoba, Julio 2016, curadur\u00eda de Claudia Santanera. Participa del proyecto investigaci\u00f3n y creaci\u00f3n art\u00edstica \u201cEscrituras perform\u00e1ticas: cuerpo y acci\u00f3n en efimerodramas\u201d. Ganadora de la Beca de creaci\u00f3n Fondo Nacional de las Artes, 2019. Curadora, junto con Luis Garc\u00eda, en espacios culturales y museos de la provincia de C\u00f3rdoba.<\/p>\n<p>&nbsp;<\/p>\n<p>Suono Mobile nace en C\u00f3rdoba, Argentina en 2005 y pertenece a Suono Mobile &#8211; Iniciativa para Nueva M\u00fasica (Alemania). Suono Mobile Argentina est\u00e1 integrado por int\u00e9rpretes y compositores cuyos roles se entrelazan para que todes participen de modos flexibles en el proceso art\u00edstico. As\u00ed, se producen obras desde y para el colectivo y se exceden los instrumentos tradicionales a trav\u00e9s de la incorporaci\u00f3n de nuevos medios e instrumentos ad hoc. Adem\u00e1s, se trabaja con el repertorio contempor\u00e1neo de c\u00e1mara y con otras compositoras y otros compositores del medio local, generando de esta forma obras que interpelan la actualidad de C\u00f3rdoba en particular y Argentina en general.<\/p>\n<p>&nbsp;<\/p>\n<p>La producci\u00f3n del colectivo se enfoca en las potencialidades y perspectivas de la m\u00fasica desde el serialismo. Se trata de asumir esa cesura hist\u00f3rica, y los m\u00faltiples modos de tramitar el salto cualitativo que se produce en la tradici\u00f3n de la m\u00fasica de concierto: desde el trabajo con el sonido y la autonom\u00eda de la m\u00fasica hasta la condici\u00f3n postconceptual que problematiza la historicidad de la m\u00fasica, las fronteras con las otras artes y la relaci\u00f3n con la praxis vital, asuntos ineludibles en la producci\u00f3n de los \u00faltimos veinte a\u00f1os.<\/p>\n<p>&nbsp;<\/p>\n<ul>\n<li>Martes 30 de mayo, 10 hs. Clase Magistral, Michel Abondano<\/li>\n<li>Mi\u00e9rcoles 31 de mayo, 15 hs. Conversatorio, Pr\u00e1cticas art\u00edsticas desde una perspectiva de g\u00e9nero<\/li>\n<li>Jueves 1ero de junio, 10 hs. Taller abierto, M\u00fasica cordobesa contempor\u00e1nea a trav\u00e9s de escuchas comentadas<\/li>\n<li>Jueves 1ero de junio, 20 hs. Concierto Suono Mobile Argentina<\/li>\n<li>Viernes 2 de junio, 18:30 hs. Concierto-performance, Calaita, Exploraci\u00f3n T\u00edmbrica de lo ambiguo<\/li>\n<li>S\u00e1bado 3 de junio, 12:30 hs. Taller con int\u00e9rpretes.<\/li>\n<\/ul>\n<p>&nbsp;<\/p>\n","protected":false},"excerpt":{"rendered":"<p>Estudio t\u00edmbrico de lo ef\u00edmero y vol\u00e1til es el t\u00edtulo de una de las obras ganadoras de la edici\u00f3n 2022 del Concurso Iberm\u00fasicas de Creaci\u00f3n y Estreno de Obra. La obra fue compuesta por la compositora colombiana Michele Abondano quien viajar\u00e1 especialmente a C\u00f3rdoba, Argentina, no s\u00f3lo para estar presente en el estreno sino tambi\u00e9n [&hellip;]<\/p>\n","protected":false},"author":7,"featured_media":15541,"comment_status":"closed","ping_status":"closed","sticky":false,"template":"","format":"standard","meta":{"footnotes":""},"categories":[53],"tags":[],"class_list":["post-15540","post","type-post","status-publish","format-standard","has-post-thumbnail","hentry","category-noticias-generales"],"lang":"es","translations":{"es":15540,"pt":15543},"pll_sync_post":[],"post_mailing_queue_ids":[],"_links":{"self":[{"href":"http:\/\/staging.ibermusicas.org\/index.php\/wp-json\/wp\/v2\/posts\/15540","targetHints":{"allow":["GET"]}}],"collection":[{"href":"http:\/\/staging.ibermusicas.org\/index.php\/wp-json\/wp\/v2\/posts"}],"about":[{"href":"http:\/\/staging.ibermusicas.org\/index.php\/wp-json\/wp\/v2\/types\/post"}],"author":[{"embeddable":true,"href":"http:\/\/staging.ibermusicas.org\/index.php\/wp-json\/wp\/v2\/users\/7"}],"replies":[{"embeddable":true,"href":"http:\/\/staging.ibermusicas.org\/index.php\/wp-json\/wp\/v2\/comments?post=15540"}],"version-history":[{"count":2,"href":"http:\/\/staging.ibermusicas.org\/index.php\/wp-json\/wp\/v2\/posts\/15540\/revisions"}],"predecessor-version":[{"id":15563,"href":"http:\/\/staging.ibermusicas.org\/index.php\/wp-json\/wp\/v2\/posts\/15540\/revisions\/15563"}],"wp:featuredmedia":[{"embeddable":true,"href":"http:\/\/staging.ibermusicas.org\/index.php\/wp-json\/wp\/v2\/media\/15541"}],"wp:attachment":[{"href":"http:\/\/staging.ibermusicas.org\/index.php\/wp-json\/wp\/v2\/media?parent=15540"}],"wp:term":[{"taxonomy":"category","embeddable":true,"href":"http:\/\/staging.ibermusicas.org\/index.php\/wp-json\/wp\/v2\/categories?post=15540"},{"taxonomy":"post_tag","embeddable":true,"href":"http:\/\/staging.ibermusicas.org\/index.php\/wp-json\/wp\/v2\/tags?post=15540"}],"curies":[{"name":"wp","href":"https:\/\/api.w.org\/{rel}","templated":true}]}}