{"id":15545,"date":"2023-05-12T14:17:33","date_gmt":"2023-05-12T14:17:33","guid":{"rendered":"http:\/\/staging.ibermusicas.org\/?p=15545"},"modified":"2023-05-12T14:17:33","modified_gmt":"2023-05-12T14:17:33","slug":"desde-paraguay-llega-el-concierto-homenaje-80-anos-de-la-guarania","status":"publish","type":"post","link":"http:\/\/staging.ibermusicas.org\/index.php\/desde-paraguay-llega-el-concierto-homenaje-80-anos-de-la-guarania\/","title":{"rendered":"Desde Paraguay llega el Concierto Homenaje: 80 a\u00f1os de la guarania"},"content":{"rendered":"<p>Con la direcci\u00f3n art\u00edstica del Maestro Sergio Cuquejo y la producci\u00f3n de Mar\u00eda Esperanza Ortiz Maidana y Osvaldo Serrati Codas de la Fundaci\u00f3n Demetrio Ortiz y dentro del marco de los 80 a\u00f1os de la creaci\u00f3n de la guarania \u201cMis noches sin ti\u201d, la primera guarania del reconocido artista paraguayo Demetrio Ortiz, se llevar\u00e1 a cabo en conmemoraci\u00f3n la grabaci\u00f3n de un disco tributo bajo la direcci\u00f3n musical del Maestro Sergio Cuquejo.<\/p>\n<p>Destacados artistas nacionales e invitados internacionales participar\u00e1n de este disco que ser\u00e1 grabado en el Spirit And Sound Studio del Maestro Cuquejo en Asunci\u00f3n. Tambi\u00e9n forma parte del tributo la producci\u00f3n de un material audiovisual en el Abbey Road Studio de Londres, Inglaterra, uno de los m\u00e1s prestigiosos del mundo por donde han pasado cantantes y grupos de la talla de The Beatles, Elton John, entre otros muchos m\u00e1s.<\/p>\n<p>Este hecho no s\u00f3lo es relevante por la importancia del estudio en la escena musical internacional y todo lo que representa, sino por ser la primera vez en la historia que se grabar\u00e1n guaranias, g\u00e9nero musical por excelencia de Paraguay, en el renombrado lugar.<\/p>\n<p>Sergio Cuquejo es compositor, director de orquesta, arreglador y productor musical. Propietario y director del estudio de grabaci\u00f3n Spirit and Sound Paraguay. Particip\u00f3 en la banda sonora de las Pel\u00edculas \u201c7 Cajas\u201d, \u201cMatar a un Muerto\u201d, \u201cLos buscadores\u201d. Trabaja para Netflix en la grabaci\u00f3n orquestal de la serie \u201cLuis Miguel\u201d, contratado adem\u00e1s por el productor mexicano Kiko Cibri\u00e1n para grabar las cuerdas del disco \u201cLeyendas\u201d del cantante mexicano Carlos Riviera, quien con el arreglo de cuerdas paraguayas se postul\u00f3 a los Latin Grammy del 2021 con el bolero Todav\u00eda dedicado a Armando Manzanero. Con el disco Aguyje de Tierra Adentro tambi\u00e9n se postul\u00f3 a los Grammy latinos 2020. Tambi\u00e9n trabaj\u00f3 en un disco homenaje a Joan Sebasti\u00e1n que ser\u00e1 editado por Universal Music, colaborando adem\u00e1s con otros trabajos en Paraguay, Argentina, Brasil y EEUU. Fue nominado a los Grammy 2022 como \u201cMejor \u00e1lbum cristiano en espa\u00f1ol\u201d con los discos \u201cYa lleg\u00f3 la Primavera\u201d y \u201cC\u00f3mo me ves\u201d. Por otro lado, sus discos \u201cLa m\u00fasica m\u00e1s linda del mundo\u201d vol\u00famen 1 Y 2, han tenido alto impacto y repercusi\u00f3n local e internacional. Fue el Director Musical del disco tributo: \u201c70 a\u00f1os de recuerdo de Ypacara\u00ed\u00bb. Es Miembro Fundador y Director Art\u00edstico de la Fundaci\u00f3n Demetrio Ortiz.<\/p>\n","protected":false},"excerpt":{"rendered":"<p>Con la direcci\u00f3n art\u00edstica del Maestro Sergio Cuquejo y la producci\u00f3n de Mar\u00eda Esperanza Ortiz Maidana y Osvaldo Serrati Codas de la Fundaci\u00f3n Demetrio Ortiz y dentro del marco de los 80 a\u00f1os de la creaci\u00f3n de la guarania \u201cMis noches sin ti\u201d, la primera guarania del reconocido artista paraguayo Demetrio Ortiz, se llevar\u00e1 a [&hellip;]<\/p>\n","protected":false},"author":7,"featured_media":15546,"comment_status":"closed","ping_status":"closed","sticky":false,"template":"","format":"standard","meta":{"footnotes":""},"categories":[53],"tags":[],"class_list":["post-15545","post","type-post","status-publish","format-standard","has-post-thumbnail","hentry","category-noticias-generales"],"lang":"es","translations":{"es":15545,"pt":15548},"pll_sync_post":[],"post_mailing_queue_ids":[],"_links":{"self":[{"href":"http:\/\/staging.ibermusicas.org\/index.php\/wp-json\/wp\/v2\/posts\/15545","targetHints":{"allow":["GET"]}}],"collection":[{"href":"http:\/\/staging.ibermusicas.org\/index.php\/wp-json\/wp\/v2\/posts"}],"about":[{"href":"http:\/\/staging.ibermusicas.org\/index.php\/wp-json\/wp\/v2\/types\/post"}],"author":[{"embeddable":true,"href":"http:\/\/staging.ibermusicas.org\/index.php\/wp-json\/wp\/v2\/users\/7"}],"replies":[{"embeddable":true,"href":"http:\/\/staging.ibermusicas.org\/index.php\/wp-json\/wp\/v2\/comments?post=15545"}],"version-history":[{"count":1,"href":"http:\/\/staging.ibermusicas.org\/index.php\/wp-json\/wp\/v2\/posts\/15545\/revisions"}],"predecessor-version":[{"id":15547,"href":"http:\/\/staging.ibermusicas.org\/index.php\/wp-json\/wp\/v2\/posts\/15545\/revisions\/15547"}],"wp:featuredmedia":[{"embeddable":true,"href":"http:\/\/staging.ibermusicas.org\/index.php\/wp-json\/wp\/v2\/media\/15546"}],"wp:attachment":[{"href":"http:\/\/staging.ibermusicas.org\/index.php\/wp-json\/wp\/v2\/media?parent=15545"}],"wp:term":[{"taxonomy":"category","embeddable":true,"href":"http:\/\/staging.ibermusicas.org\/index.php\/wp-json\/wp\/v2\/categories?post=15545"},{"taxonomy":"post_tag","embeddable":true,"href":"http:\/\/staging.ibermusicas.org\/index.php\/wp-json\/wp\/v2\/tags?post=15545"}],"curies":[{"name":"wp","href":"https:\/\/api.w.org\/{rel}","templated":true}]}}