{"id":15550,"date":"2023-05-12T14:35:48","date_gmt":"2023-05-12T14:35:48","guid":{"rendered":"http:\/\/staging.ibermusicas.org\/?p=15550"},"modified":"2023-06-01T12:47:24","modified_gmt":"2023-06-01T12:47:24","slug":"como-parte-de-su-gira-europea-la-cantante-argentina-lidia-borda-se-presentara-en-cafe-berlin-de-madrid","status":"publish","type":"post","link":"http:\/\/staging.ibermusicas.org\/index.php\/como-parte-de-su-gira-europea-la-cantante-argentina-lidia-borda-se-presentara-en-cafe-berlin-de-madrid\/","title":{"rendered":"Como parte de su gira europea, la cantante argentina Lidia Borda se presentar\u00e1 en Caf\u00e9 Berl\u00edn de Madrid"},"content":{"rendered":"<p>Lidia Borda junto a Daniel Godfrid en piano y direcci\u00f3n musical y Sebasti\u00e1n Esp\u00f3sito en guitarra, recorren, en este espect\u00e1culo, un inusual repertorio de m\u00fasica popular que enlaza diferentes g\u00e9neros como tango, folclore, bolero, rock y otros g\u00e9neros internacionales, recreando piezas de autores populares tan variados como Homero Manzi, Luis Alberto Spinetta, Chico Buarque, Carlos Gardel, Alfredo Zitarrosa, Agust\u00edn Lara, Charly Garc\u00eda, Hoagy Carmichael, entre muchos otros.<\/p>\n<p>&nbsp;<\/p>\n<p>Lidia Borda es actual Directora de M\u00fasica del Fondo Nacional de las Artes (Ad Honorem). Ha sido reconocida como Ciudadana Ilustre de la Ciudad de Buenos Aires (2019) y personalidad destacada de la cultura de la Provincia de Bs. As. (2018). Galardonada con tres Premios Gardel a la M\u00fasica. Es Acad\u00e9mica de la Generaci\u00f3n Intermedia por la Academia Nacional del Tango (2019) y ha recibido \u00abDiplomas al m\u00e9rito\u00bb de la fundaci\u00f3n Konex, Cantante Femenina de Tango (2005 y 2015).<\/p>\n<p>&nbsp;<\/p>\n<p>&nbsp;<\/p>\n<ul>\n<li>16 de mayo, Stuttgart, Alemania (Melva Mode)<\/li>\n<li>19 de mayo, Munich, Alemania (Inst. Cervantes)<\/li>\n<li>24 de mayo, Graz, Austria (Kultursalon Graz)<\/li>\n<li>28 de mayo, Firminy, Francia (Maison de la Culture le Corbusier)<\/li>\n<li>30 de mayo, Grenoble, Francia (Milonga la Chaloupe\u00e9). Invitada del d\u00fao SEDA.<\/li>\n<li>31 de mayo, Madrid, Espa\u00f1a (Caf\u00e9 Berl\u00edn)<\/li>\n<\/ul>\n","protected":false},"excerpt":{"rendered":"<p>Lidia Borda junto a Daniel Godfrid en piano y direcci\u00f3n musical y Sebasti\u00e1n Esp\u00f3sito en guitarra, recorren, en este espect\u00e1culo, un inusual repertorio de m\u00fasica popular que enlaza diferentes g\u00e9neros como tango, folclore, bolero, rock y otros g\u00e9neros internacionales, recreando piezas de autores populares tan variados como Homero Manzi, Luis Alberto Spinetta, Chico Buarque, Carlos [&hellip;]<\/p>\n","protected":false},"author":7,"featured_media":15551,"comment_status":"closed","ping_status":"closed","sticky":false,"template":"","format":"standard","meta":{"footnotes":""},"categories":[53],"tags":[],"class_list":["post-15550","post","type-post","status-publish","format-standard","has-post-thumbnail","hentry","category-noticias-generales"],"lang":"es","translations":{"es":15550,"pt":15553},"pll_sync_post":[],"post_mailing_queue_ids":[],"_links":{"self":[{"href":"http:\/\/staging.ibermusicas.org\/index.php\/wp-json\/wp\/v2\/posts\/15550","targetHints":{"allow":["GET"]}}],"collection":[{"href":"http:\/\/staging.ibermusicas.org\/index.php\/wp-json\/wp\/v2\/posts"}],"about":[{"href":"http:\/\/staging.ibermusicas.org\/index.php\/wp-json\/wp\/v2\/types\/post"}],"author":[{"embeddable":true,"href":"http:\/\/staging.ibermusicas.org\/index.php\/wp-json\/wp\/v2\/users\/7"}],"replies":[{"embeddable":true,"href":"http:\/\/staging.ibermusicas.org\/index.php\/wp-json\/wp\/v2\/comments?post=15550"}],"version-history":[{"count":1,"href":"http:\/\/staging.ibermusicas.org\/index.php\/wp-json\/wp\/v2\/posts\/15550\/revisions"}],"predecessor-version":[{"id":15552,"href":"http:\/\/staging.ibermusicas.org\/index.php\/wp-json\/wp\/v2\/posts\/15550\/revisions\/15552"}],"wp:featuredmedia":[{"embeddable":true,"href":"http:\/\/staging.ibermusicas.org\/index.php\/wp-json\/wp\/v2\/media\/15551"}],"wp:attachment":[{"href":"http:\/\/staging.ibermusicas.org\/index.php\/wp-json\/wp\/v2\/media?parent=15550"}],"wp:term":[{"taxonomy":"category","embeddable":true,"href":"http:\/\/staging.ibermusicas.org\/index.php\/wp-json\/wp\/v2\/categories?post=15550"},{"taxonomy":"post_tag","embeddable":true,"href":"http:\/\/staging.ibermusicas.org\/index.php\/wp-json\/wp\/v2\/tags?post=15550"}],"curies":[{"name":"wp","href":"https:\/\/api.w.org\/{rel}","templated":true}]}}