{"id":15555,"date":"2023-05-12T14:38:33","date_gmt":"2023-05-12T14:38:33","guid":{"rendered":"http:\/\/staging.ibermusicas.org\/?p=15555"},"modified":"2023-06-01T12:47:18","modified_gmt":"2023-06-01T12:47:18","slug":"identidades-sonoras-las-playlists-de-ibermusicas-esta-quincena-recomendamos-la-playlist-creada-por-luis-arteaga-de-panama-y-por-por-virginia-diaz-de-espana","status":"publish","type":"post","link":"http:\/\/staging.ibermusicas.org\/index.php\/identidades-sonoras-las-playlists-de-ibermusicas-esta-quincena-recomendamos-la-playlist-creada-por-luis-arteaga-de-panama-y-por-por-virginia-diaz-de-espana\/","title":{"rendered":"Identidades Sonoras, las playlists de Iberm\u00fasicas. Esta quincena recomendamos la playlist creada por Luis Arteaga de Panam\u00e1 y por por Virginia D\u00edaz de Espa\u00f1a"},"content":{"rendered":"<p><em>\u201cPanam\u00e1 es multicultural, en su m\u00e1s amplio sentido. Cantamos a nuestra identidad desde los ritmos afro, las sonoridades hispanas, mestizas e ind\u00edgenas, al igual que desde el rock y la balada, as\u00ed como desde la fusi\u00f3n de todos esos elementos. Todos conforman nuestra identidad. Por eso, presento a su consideraci\u00f3n esta muestra de esa realidad\u201d. <\/em>Luis Arteaga.<\/p>\n<p>&nbsp;<\/p>\n<p><a href=\"https:\/\/open.spotify.com\/playlist\/0zHAALhnoo7IjNnCi1HltN?si=3c1cbbee2b7f41ab\">https:\/\/open.spotify.com\/playlist\/0zHAALhnoo7IjNnCi1HltN?si=3c1cbbee2b7f41ab<\/a><\/p>\n<p>&nbsp;<\/p>\n<p>&nbsp;<\/p>\n<p><em>\u201cLa m\u00fasica puede hacer explotar infinidad de emociones. Es tan importante que forma parte de nosotros desde la gestaci\u00f3n. \u00bfC\u00f3mo duermes a un ni\u00f1o? Cant\u00e1ndole. La m\u00fasica es recuerdos, sentimientos y pasi\u00f3n. Es parte de la cultura, de nuestra historia y nuestra vida&#8230;\u201d <\/em>Virginia D\u00edaz.<\/p>\n<p><em>\u00a0<\/em><\/p>\n<p><a href=\"https:\/\/open.spotify.com\/playlist\/0KURFtP7hKwOfDPfTU6Bpp?si=44dd324c2efc44ba\">https:\/\/open.spotify.com\/playlist\/0KURFtP7hKwOfDPfTU6Bpp?si=44dd324c2efc44ba<\/a><\/p>\n<p><em>\u00a0<\/em><\/p>\n<p>&nbsp;<\/p>\n<p>Identidades Sonoras son las playlists de Spotify creadas por m\u00fasicas y m\u00fasicos, productoras y productores, cr\u00edticas y cr\u00edticos, e investigadoras e investigadores de los pa\u00edses que integran nuestro programa a quienes hemos propuesto reflejar, interpretar y construir un recorrido integrador de la tradici\u00f3n y de las nuevas b\u00fasquedas en una lista de 50 obras.<\/p>\n","protected":false},"excerpt":{"rendered":"<p>\u201cPanam\u00e1 es multicultural, en su m\u00e1s amplio sentido. Cantamos a nuestra identidad desde los ritmos afro, las sonoridades hispanas, mestizas e ind\u00edgenas, al igual que desde el rock y la balada, as\u00ed como desde la fusi\u00f3n de todos esos elementos. Todos conforman nuestra identidad. Por eso, presento a su consideraci\u00f3n esta muestra de esa realidad\u201d. [&hellip;]<\/p>\n","protected":false},"author":7,"featured_media":15562,"comment_status":"closed","ping_status":"closed","sticky":false,"template":"","format":"standard","meta":{"footnotes":""},"categories":[53],"tags":[],"class_list":["post-15555","post","type-post","status-publish","format-standard","has-post-thumbnail","hentry","category-noticias-generales"],"lang":"es","translations":{"es":15555,"pt":15558},"pll_sync_post":[],"post_mailing_queue_ids":[],"_links":{"self":[{"href":"http:\/\/staging.ibermusicas.org\/index.php\/wp-json\/wp\/v2\/posts\/15555","targetHints":{"allow":["GET"]}}],"collection":[{"href":"http:\/\/staging.ibermusicas.org\/index.php\/wp-json\/wp\/v2\/posts"}],"about":[{"href":"http:\/\/staging.ibermusicas.org\/index.php\/wp-json\/wp\/v2\/types\/post"}],"author":[{"embeddable":true,"href":"http:\/\/staging.ibermusicas.org\/index.php\/wp-json\/wp\/v2\/users\/7"}],"replies":[{"embeddable":true,"href":"http:\/\/staging.ibermusicas.org\/index.php\/wp-json\/wp\/v2\/comments?post=15555"}],"version-history":[{"count":2,"href":"http:\/\/staging.ibermusicas.org\/index.php\/wp-json\/wp\/v2\/posts\/15555\/revisions"}],"predecessor-version":[{"id":15561,"href":"http:\/\/staging.ibermusicas.org\/index.php\/wp-json\/wp\/v2\/posts\/15555\/revisions\/15561"}],"wp:featuredmedia":[{"embeddable":true,"href":"http:\/\/staging.ibermusicas.org\/index.php\/wp-json\/wp\/v2\/media\/15562"}],"wp:attachment":[{"href":"http:\/\/staging.ibermusicas.org\/index.php\/wp-json\/wp\/v2\/media?parent=15555"}],"wp:term":[{"taxonomy":"category","embeddable":true,"href":"http:\/\/staging.ibermusicas.org\/index.php\/wp-json\/wp\/v2\/categories?post=15555"},{"taxonomy":"post_tag","embeddable":true,"href":"http:\/\/staging.ibermusicas.org\/index.php\/wp-json\/wp\/v2\/tags?post=15555"}],"curies":[{"name":"wp","href":"https:\/\/api.w.org\/{rel}","templated":true}]}}