{"id":15558,"date":"2023-05-12T14:39:31","date_gmt":"2023-05-12T14:39:31","guid":{"rendered":"http:\/\/staging.ibermusicas.org\/?p=15558"},"modified":"2023-06-01T12:56:59","modified_gmt":"2023-06-01T12:56:59","slug":"identidades-sonoras-as-playlists-ibermusicas-nesta-quinzena-recomendamos-a-playlist-criada-por-luis-arteaga-do-panama-e-por-virginia-diaz-da-espanha","status":"publish","type":"post","link":"http:\/\/staging.ibermusicas.org\/index.php\/identidades-sonoras-as-playlists-ibermusicas-nesta-quinzena-recomendamos-a-playlist-criada-por-luis-arteaga-do-panama-e-por-virginia-diaz-da-espanha\/","title":{"rendered":"Identidades sonoras, as playlists Iberm\u00fasicas. Nesta quinzena, recomendamos a playlist criada por Luis Arteaga, do Panam\u00e1, e por Virginia D\u00edaz, da Espanha"},"content":{"rendered":"<p><em>\u201cO Panam\u00e1 \u00e9 multicultural, em seu sentido mais amplo. Cantamos a nossa identidade a partir de ritmos afro, sonoridades hisp\u00e2nicas, mesti\u00e7as e ind\u00edgenas, bem como do rock e baladas, bem como da fus\u00e3o de todos esses elementos. Todos eles constituem a nossa identidade. Por isso, apresento \u00e0 vossa considera\u00e7\u00e3o esta amostra dessa realidade\u201d<\/em>. Lu\u00eds Arteag<em>a<\/em><em>.<\/em><\/p>\n<p><em>\u00a0<\/em><\/p>\n<p><a href=\"https:\/\/open.spotify.com\/playlist\/0zHAALhnoo7IjNnCi1HltN?si=3c1cbbee2b7f41ab\">https:\/\/open.spotify.com\/playlist\/0zHAALhnoo7IjNnCi1HltN?si=3c1cbbee2b7f41ab<\/a><\/p>\n<p><em>\u00a0<\/em><\/p>\n<p><em>\u00a0<\/em><\/p>\n<p><em>A m\u00fasica pode fazer explodir uma infinidade de emo\u00e7\u00f5es. \u00c9 t\u00e3o importante que faz parte de n\u00f3s desde a gesta\u00e7\u00e3o. Como voc\u00ea dorme uma crian\u00e7a? cantando para ela. A m\u00fasica \u00e9 mem\u00f3rias, sentimentos e paix\u00e3o. Faz parte da cultura, da nossa hist\u00f3ria e da nossa vida&#8230;\u00bb Virginia D\u00edaz<\/em><em>.<\/em><\/p>\n<p><em>\u00a0<\/em><\/p>\n<p><a href=\"https:\/\/open.spotify.com\/playlist\/0KURFtP7hKwOfDPfTU6Bpp?si=44dd324c2efc44ba\">https:\/\/open.spotify.com\/playlist\/0KURFtP7hKwOfDPfTU6Bpp?si=44dd324c2efc44ba<\/a><\/p>\n<p>&nbsp;<\/p>\n<p>Identidades sonoras s\u00e3o as playlists do Spotify criadas por m\u00fasicas e musicos, produtores, cr\u00edticos e cr\u00edticas, e pesquisadores dos pa\u00edses que comp\u00f5em nosso programa a quem nos propusemos refletir, interpretar e construir um percurso integrados de tradi\u00e7\u00e3o e de novas tend\u00eancias\u00a0 nma lista de 50 obras<\/p>\n","protected":false},"excerpt":{"rendered":"<p>\u201cO Panam\u00e1 \u00e9 multicultural, em seu sentido mais amplo. Cantamos a nossa identidade a partir de ritmos afro, sonoridades hisp\u00e2nicas, mesti\u00e7as e ind\u00edgenas, bem como do rock e baladas, bem como da fus\u00e3o de todos esses elementos. Todos eles constituem a nossa identidade. Por isso, apresento \u00e0 vossa considera\u00e7\u00e3o esta amostra dessa realidade\u201d. Lu\u00eds Arteaga. [&hellip;]<\/p>\n","protected":false},"author":7,"featured_media":15560,"comment_status":"closed","ping_status":"closed","sticky":false,"template":"","format":"standard","meta":{"footnotes":""},"categories":[218],"tags":[],"class_list":["post-15558","post","type-post","status-publish","format-standard","has-post-thumbnail","hentry","category-noticias-generales-pt"],"lang":"pt","translations":{"pt":15558,"es":15555},"pll_sync_post":[],"post_mailing_queue_ids":[],"_links":{"self":[{"href":"http:\/\/staging.ibermusicas.org\/index.php\/wp-json\/wp\/v2\/posts\/15558","targetHints":{"allow":["GET"]}}],"collection":[{"href":"http:\/\/staging.ibermusicas.org\/index.php\/wp-json\/wp\/v2\/posts"}],"about":[{"href":"http:\/\/staging.ibermusicas.org\/index.php\/wp-json\/wp\/v2\/types\/post"}],"author":[{"embeddable":true,"href":"http:\/\/staging.ibermusicas.org\/index.php\/wp-json\/wp\/v2\/users\/7"}],"replies":[{"embeddable":true,"href":"http:\/\/staging.ibermusicas.org\/index.php\/wp-json\/wp\/v2\/comments?post=15558"}],"version-history":[{"count":1,"href":"http:\/\/staging.ibermusicas.org\/index.php\/wp-json\/wp\/v2\/posts\/15558\/revisions"}],"predecessor-version":[{"id":15559,"href":"http:\/\/staging.ibermusicas.org\/index.php\/wp-json\/wp\/v2\/posts\/15558\/revisions\/15559"}],"wp:featuredmedia":[{"embeddable":true,"href":"http:\/\/staging.ibermusicas.org\/index.php\/wp-json\/wp\/v2\/media\/15560"}],"wp:attachment":[{"href":"http:\/\/staging.ibermusicas.org\/index.php\/wp-json\/wp\/v2\/media?parent=15558"}],"wp:term":[{"taxonomy":"category","embeddable":true,"href":"http:\/\/staging.ibermusicas.org\/index.php\/wp-json\/wp\/v2\/categories?post=15558"},{"taxonomy":"post_tag","embeddable":true,"href":"http:\/\/staging.ibermusicas.org\/index.php\/wp-json\/wp\/v2\/tags?post=15558"}],"curies":[{"name":"wp","href":"https:\/\/api.w.org\/{rel}","templated":true}]}}