{"id":15689,"date":"2023-06-01T09:36:30","date_gmt":"2023-06-01T09:36:30","guid":{"rendered":"http:\/\/staging.ibermusicas.org\/?p=15689"},"modified":"2023-10-30T14:07:04","modified_gmt":"2023-10-30T14:07:04","slug":"anunciamos-el-lanzamiento-de-las-convocatorias-ibermusicas-2023-para-actividades-2024","status":"publish","type":"post","link":"http:\/\/staging.ibermusicas.org\/index.php\/anunciamos-el-lanzamiento-de-las-convocatorias-ibermusicas-2023-para-actividades-2024\/","title":{"rendered":"Anunciamos el lanzamiento de las Convocatorias Iberm\u00fasicas 2023 para proyectos 2024"},"content":{"rendered":"<p>Como desde hace ya m\u00e1s de 10 a\u00f1os, tenemos el enorme placer de anunciar nuestras convocatorias y concursos destinados a todo el sector musical iberoamericano.<\/p>\n<p>Este a\u00f1o con la incorporaci\u00f3n de una gran novedad. Muchas de nuestras convocatorias han sido abiertas a\u00a0<strong>destinos del mundo entero<\/strong>. El sector musical regional se encuentra en un momento propicio para expandir sus redes de circulaci\u00f3n y ampliar sus alcances. Como correlato al duro contexto de los a\u00f1os de pandemia, el sector musical encontr\u00f3 un camino virtuoso dentro de las posibilidades que emergieron de la virtualidad. Tras un trabajo de innovaci\u00f3n creativa y profesionalizaci\u00f3n, el ecosistema musical iberoamericano logr\u00f3 sobreponerse al desaf\u00edo de recrearse y gener\u00f3 un crecimiento exponencial de las audiencias, promoviendo nuevas posibilidades de expansi\u00f3n de sus proyectos en diferentes p\u00fablicos y mercados. Desde Iberm\u00fasicas notamos el gran inter\u00e9s que suscitan las m\u00fasicas y los saberes iberoamericanos en otras regiones del mundo y queremos acompa\u00f1ar la consolidaci\u00f3n de este proceso al favorecer la internacionalizaci\u00f3n de los espect\u00e1culos musicales, los intercambios de creaci\u00f3n, de composici\u00f3n, de investigaci\u00f3n y de saberes a otras regiones del mundo.<\/p>\n<p>Para acompa\u00f1ar este proceso de internacionalizaci\u00f3n lanzaremos muy pronto una nueva iniciativa de speed meetings online. Se trata de un sistema que funcionar\u00e1 de modo permanente desde la web de Iberm\u00fasicas mediante el cual las y los artistas, gestores, investigadoras e investigadores, compositores de la comunidad musical iberoamericana podr\u00e1n establecer contacto directo con programadores, productores, mercados y festivales de gran parte del mundo.<\/p>\n<p>Las propuestas para este ciclo de convocatorias son:<\/p>\n<p><a href=\"http:\/\/staging.ibermusicas.org\/index.php\/convocatorias\/\" target=\"_blank\" rel=\"noopener\"><strong>Ayudas al sector musical para la circulaci\u00f3n:<\/strong><\/a>\u00a0Convocatoria destinada a apoyar y fomentar la circulaci\u00f3n de todas y todos los agentes del sector musical de los pa\u00edses miembros de Iberm\u00fasicas para favorecer la internacionalizaci\u00f3n de los espect\u00e1culos musicales, los intercambios de creaci\u00f3n, de investigaci\u00f3n, de capacitaci\u00f3n y de saberes iberoamericanos. Este a\u00f1o se favorecer\u00e1 la internacionalizaci\u00f3n de la escena musical iberoamericana en las diferentes regiones del mundo.<\/p>\n<p><a href=\"http:\/\/staging.ibermusicas.org\/index.php\/convocatorias\/\" target=\"_blank\" rel=\"noopener\"><strong>Ayudas al sector musical para la programaci\u00f3n iberoamericana:<\/strong><\/a>\u00a0Convocatoria destinada a apoyar y fomentar la programaci\u00f3n internacional de todas y todos los agentes del sector musical iberoamericano (m\u00fasicas y m\u00fasicos, agrupaciones, ensambles; compositoras y compositores; luthiers; talleristas; formadoras\/es; t\u00e9cnica\/os; investigadoras\/es; y otras y otros agentes del sector musical Iberoamericano) dedicados a las m\u00fasicas de todos los g\u00e9neros.<\/p>\n<p><a href=\"http:\/\/staging.ibermusicas.org\/index.php\/convocatorias\/\" target=\"_blank\" rel=\"noopener\"><strong>Ayudas a compositores para residencias art\u00edsticas:<\/strong><\/a>\u00a0Convocatoria destinada a apoyar a compositoras y compositores iberoamericanos para la realizaci\u00f3n de residencias art\u00edsticas a fin de incentivar estas actividades con plena libertad creativa. Este a\u00f1o se podr\u00e1n presentar propuestas abiertas al mundo entero.<\/p>\n<p><a href=\"http:\/\/staging.ibermusicas.org\/index.php\/convocatorias\/\" target=\"_blank\" rel=\"noopener\"><strong>Ayudas a instituciones, organismos, agrupaciones para residencias art\u00edsticas de compositoras y compositores iberoamericanos:<\/strong><\/a>\u00a0Convocatoria destinada a apoyar instituciones u organismos \u2013 p\u00fablicos o privados- para la organizaci\u00f3n de residencias art\u00edsticas de compositoras y compositores iberoamericanos, a fin de incentivar estas actividades con plena libertad creativa.<\/p>\n<p><a href=\"http:\/\/staging.ibermusicas.org\/index.php\/convocatorias\/\" target=\"_blank\" rel=\"noopener\"><strong>Ayudas para la especializaci\u00f3n y el perfeccionamiento art\u00edstico y t\u00e9cnico del sector musical:<\/strong><\/a>\u00a0Convocatoria dise\u00f1ada con el prop\u00f3sito de apoyar la especializaci\u00f3n y el perfeccionamiento art\u00edstico y t\u00e9cnico de todas y todos los agentes del sector musical iberoamericano. Est\u00e1 destinada a instrumentistas, cantantes, t\u00e9cnicas y t\u00e9cnicos, luthiers, compositoras y compositores, y a todas y todos los agentes de la cadena de valor de la industria musical que deseen realizar un programa de especializaci\u00f3n y perfeccionamiento. Son ayudas destinadas a grados avanzados y a expertos de todas las \u00e1reas, t\u00e9cnicas, g\u00e9neros y estilos musicales. Este a\u00f1o se podr\u00e1n presentar propuestas abiertas al mundo entero.<\/p>\n<p><a href=\"http:\/\/staging.ibermusicas.org\/index.php\/convocatorias\/\" target=\"_blank\" rel=\"noopener\"><strong>Ayudas al sector musical en modalidad virtual:<\/strong><\/a>\u00a0Convocatoria destinada a apoyar las innovadoras y diversas modalidades que asume la creaci\u00f3n y la difusi\u00f3n de las m\u00fasicas en los tiempos actuales. El Programa Iberm\u00fasicas se propone mediante el presente concurso fomentar la producci\u00f3n de contenidos para ser difundidos de modo virtual, promover los laboratorios de creaci\u00f3n, fortalecer la capacitaci\u00f3n permanente del sector musical iberoamericano y alentar la innovaci\u00f3n del sector siempre contemplando la cooperaci\u00f3n iberoamericana entre los pa\u00edses miembros.<\/p>\n<p><a href=\"http:\/\/staging.ibermusicas.org\/index.php\/convocatorias\/\" target=\"_blank\" rel=\"noopener\"><strong>Premio Iberm\u00fasicas a la Creaci\u00f3n de Canciones:<\/strong><\/a>\u00a0Un concurso que tiene como prop\u00f3sito promover la creaci\u00f3n de m\u00fasica popular y el fortalecimiento de lazos de cooperaci\u00f3n entre creadores, int\u00e9rpretes, compositoras y compositores del sector musical iberoamericano. Es por ello que esta convocatoria est\u00e1 dise\u00f1ada para la co-creaci\u00f3n de canciones entre artistas de dos pa\u00edses miembros del Programa. Es un concurso abierto a todos los estilos musicales, incentivando estas actividades con plena libertad creativa.<\/p>\n<p><a href=\"http:\/\/staging.ibermusicas.org\/index.php\/convocatorias\/\" target=\"_blank\" rel=\"noopener\"><strong>Premio Iberm\u00fasicas de composici\u00f3n de obra sinf\u00f3nica:<\/strong><\/a>\u00a0Concurso destinado a fortalecer la creaci\u00f3n de obra sinf\u00f3nica nueva con el fin de ampliar el repertorio iberoamericano en este campo, incentivando estas actividades con plena libertad creativa. Las obras ganadoras recibir\u00e1n un premio econ\u00f3mico y se propiciar\u00e1n sus estrenos mediante un concierto especial de la Orquesta Sinf\u00f3nica Nacional de Cuba o de la Orquesta Filarm\u00f3nica Nacional de Venezuela, seg\u00fan corresponda y dentro del marco de un gran evento.<\/p>\n<p><a href=\"http:\/\/staging.ibermusicas.org\/index.php\/convocatorias\/\" target=\"_blank\" rel=\"noopener\"><strong>Convocatoria especial Iberm\u00fasicas \u2013 Mid Atlantic:<\/strong><\/a>\u00a0Convocatoria destinada a apoyar y favorecer la internacionalizaci\u00f3n de los espect\u00e1culos musicales iberoamericanos en los Estados Unidos para asistir con fondos de ambas organizaciones a los proyectos seleccionados durante la temporada julio del 2024 a junio del 2025.<\/p>\n<p><a href=\"http:\/\/staging.ibermusicas.org\/index.php\/convocatorias\/\" target=\"_blank\" rel=\"noopener\"><strong>Premio Brasil Iberm\u00fasicas:<\/strong><\/a>\u00a0Un concurso que tiene por objetivo reconocer el m\u00e9rito de iniciativas o espacios que se vienen dedicando, a lo largo de los a\u00f1os, a la difusi\u00f3n de la m\u00fasica brasile\u00f1a: emprendimientos que se destaquen por la contribuci\u00f3n dada en su trayectoria, a la difusi\u00f3n de la m\u00fasica brasile\u00f1a en cualquier parte del mundo, fuera del territorio del Brasil.<\/p>\n<p>Bienvenidas y bienvenidos a otro a\u00f1o de trabajo de Iberm\u00fasicas proponiendonos siempre llegar m\u00e1s lejos con nuevas propuestas y nuevos desaf\u00edos.<\/p>\n<p>#Ibermusicas, el instrumento que nos une.<\/p>\n","protected":false},"excerpt":{"rendered":"<p>Como desde hace ya m\u00e1s de 10 a\u00f1os, tenemos el enorme placer de anunciar nuestras convocatorias y concursos destinados a todo el sector musical iberoamericano. Este a\u00f1o con la incorporaci\u00f3n de una gran novedad. Muchas de nuestras convocatorias han sido abiertas a\u00a0destinos del mundo entero. El sector musical regional se encuentra en un momento propicio [&hellip;]<\/p>\n","protected":false},"author":7,"featured_media":15706,"comment_status":"closed","ping_status":"closed","sticky":false,"template":"","format":"standard","meta":{"footnotes":""},"categories":[53],"tags":[],"class_list":["post-15689","post","type-post","status-publish","format-standard","has-post-thumbnail","hentry","category-noticias-generales"],"lang":"es","translations":{"es":15689},"pll_sync_post":[],"post_mailing_queue_ids":[],"_links":{"self":[{"href":"http:\/\/staging.ibermusicas.org\/index.php\/wp-json\/wp\/v2\/posts\/15689","targetHints":{"allow":["GET"]}}],"collection":[{"href":"http:\/\/staging.ibermusicas.org\/index.php\/wp-json\/wp\/v2\/posts"}],"about":[{"href":"http:\/\/staging.ibermusicas.org\/index.php\/wp-json\/wp\/v2\/types\/post"}],"author":[{"embeddable":true,"href":"http:\/\/staging.ibermusicas.org\/index.php\/wp-json\/wp\/v2\/users\/7"}],"replies":[{"embeddable":true,"href":"http:\/\/staging.ibermusicas.org\/index.php\/wp-json\/wp\/v2\/comments?post=15689"}],"version-history":[{"count":3,"href":"http:\/\/staging.ibermusicas.org\/index.php\/wp-json\/wp\/v2\/posts\/15689\/revisions"}],"predecessor-version":[{"id":15746,"href":"http:\/\/staging.ibermusicas.org\/index.php\/wp-json\/wp\/v2\/posts\/15689\/revisions\/15746"}],"wp:featuredmedia":[{"embeddable":true,"href":"http:\/\/staging.ibermusicas.org\/index.php\/wp-json\/wp\/v2\/media\/15706"}],"wp:attachment":[{"href":"http:\/\/staging.ibermusicas.org\/index.php\/wp-json\/wp\/v2\/media?parent=15689"}],"wp:term":[{"taxonomy":"category","embeddable":true,"href":"http:\/\/staging.ibermusicas.org\/index.php\/wp-json\/wp\/v2\/categories?post=15689"},{"taxonomy":"post_tag","embeddable":true,"href":"http:\/\/staging.ibermusicas.org\/index.php\/wp-json\/wp\/v2\/tags?post=15689"}],"curies":[{"name":"wp","href":"https:\/\/api.w.org\/{rel}","templated":true}]}}