{"id":15693,"date":"2023-06-01T09:38:31","date_gmt":"2023-06-01T09:38:31","guid":{"rendered":"http:\/\/staging.ibermusicas.org\/?p=15693"},"modified":"2023-10-30T14:40:17","modified_gmt":"2023-10-30T14:40:17","slug":"anunciamos-o-lancamento-das-chamadas-ibermusicas-2023-para-atividades-2024","status":"publish","type":"post","link":"http:\/\/staging.ibermusicas.org\/index.php\/anunciamos-o-lancamento-das-chamadas-ibermusicas-2023-para-atividades-2024\/","title":{"rendered":"Anunciamos o lan\u00e7amento das Chamadas Iberm\u00fasicas 2023 para projetos 2024"},"content":{"rendered":"<p>Como fazemos h\u00e1 mais de 10 anos, temos o grande prazer de anunciar as nossas convocat\u00f3rias e concursos dirigidos a todo o sector musical ibero-americano.<\/p>\n<p>Este ano com a adi\u00e7\u00e3o de uma grande novidade. Muitas das nossas convocat\u00f3rias foram abertas a\u00a0<strong>destinos de todo o mundo.<\/strong>\u00a0O sector da m\u00fasica regional encontra-se num momento prop\u00edcio para expandir as suas redes de circula\u00e7\u00e3o e para alargar o seu \u00e2mbito. Como correlato ao duro contexto dos anos de pandemia, o sector da m\u00fasica encontrou um caminho virtuoso dentro das possibilidades que emergiram da virtualidade. Ap\u00f3s um trabalho de inova\u00e7\u00e3o criativa e profissionaliza\u00e7\u00e3o, o ecossistema musical ibero-americano conseguiu superar o desafio de se recriar e gerou um crescimento exponencial de audi\u00eancias, promovendo novas possibilidades de expans\u00e3o dos seus projectos em diferentes p\u00fablicos e mercados. No Programa Iberm\u00fasicas temos notado o grande interesse pela m\u00fasica e conhecimento ibero-americanos noutras regi\u00f5es do mundo e queremos acompanhar a consolida\u00e7\u00e3o deste processo, promovendo a internacionaliza\u00e7\u00e3o de espect\u00e1culos musicais, interc\u00e2mbios de cria\u00e7\u00e3o, composi\u00e7\u00e3o, investiga\u00e7\u00e3o e conhecimento para outras regi\u00f5es do mundo.<\/p>\n<p>Para acompanhar este processo de internacionaliza\u00e7\u00e3o, lan\u00e7aremos em breve uma nova iniciativa de speed meetings online. Trata-se de um sistema que funcionar\u00e1 permanentemente a partir do site do Iberm\u00fasicas, atrav\u00e9s do qual artistas, gestores, investigadores e compositores da comunidade musical ibero-americana poder\u00e3o estabelecer contacto directo com programadores, produtores, mercados e festivais de todo o mundo.<\/p>\n<p>As propostas para este ciclo de convites \u00e0 apresenta\u00e7\u00e3o de propostas s\u00e3o:<\/p>\n<p><a href=\"http:\/\/staging.ibermusicas.org\/index.php\/convocatorias-pt\/\" target=\"_blank\" rel=\"noopener\"><strong>Ajudas ao sector musical para a circula\u00e7\u00e3o:<\/strong><\/a>\u00a0Convocat\u00f3ria destinada a apoiar e fomentar a circula\u00e7\u00e3o de todos os agentes do sector musical dos pa\u00edses membros de Iberm\u00fasicas para promover a internacionaliza\u00e7\u00e3o dos espect\u00e1culos musicais, os interc\u00e2mbios de cria\u00e7\u00e3o, a investiga\u00e7\u00e3o, a forma\u00e7\u00e3o e o conhecimento ibero-americano. Este ano, promover-se-\u00e1 a internacionaliza\u00e7\u00e3o da cena musical ibero-americana nas diferentes regi\u00f5es do mundo.<\/p>\n<p><a href=\"http:\/\/staging.ibermusicas.org\/index.php\/convocatorias-pt\/\" target=\"_blank\" rel=\"noopener\"><strong>Ajudas ao sector musical para a programa\u00e7\u00e3o ibero-americana:<\/strong><\/a>\u00a0Convocat\u00f3ria destinada a apoiar e promover a programa\u00e7\u00e3o internacional de todos os agentes do sector musical ibero-americano (m\u00fasicas e m\u00fasicos, conjuntos, ensembles; compositores; luthiers; oficineias e oficineiros, formadoras\/eis; t\u00e9cnica\/os; pesquisadoras\/eis; e outras e outros agentes do sector musical ibero-americano) dedicados \u00e0 m\u00fasica de todos os g\u00e9neros.<\/p>\n<p><a href=\"http:\/\/staging.ibermusicas.org\/index.php\/convocatorias-pt\/\" target=\"_blank\" rel=\"noopener\"><strong>Ajudas a compositores para resid\u00eancias art\u00edsticas:<\/strong><\/a>\u00a0Convite \u00e0 apresenta\u00e7\u00e3o de propostas para apoiar compositores ibero-americanos para resid\u00eancias art\u00edsticas, a fim de incentivar estas actividades com plena liberdade criativa. A convocat\u00f3ria deste ano est\u00e1 aberta a propostas de todo o mundo.<\/p>\n<p><a href=\"http:\/\/staging.ibermusicas.org\/index.php\/convocatorias-pt\/\" target=\"_blank\" rel=\"noopener\"><strong>Ajudas a institui\u00e7\u00f5es, organiza\u00e7\u00f5es e grupos para resid\u00eancias art\u00edsticas de compositoras e compositores ibero-americanos:<\/strong><\/a>\u00a0Convocat\u00f3ria destinada a apoiar institui\u00e7\u00f5es ou organiza\u00e7\u00f5es &#8211; p\u00fablicas ou privadas &#8211; para a organiza\u00e7\u00e3o de resid\u00eancias art\u00edsticas de compositores ibero-americanos, com o objectivo de fomentar estas actividades com plena liberdade criativa.<\/p>\n<p><a href=\"http:\/\/staging.ibermusicas.org\/index.php\/convocatorias-pt\/\" target=\"_blank\" rel=\"noopener\"><strong>Ajudas para a especializa\u00e7\u00e3o e o aperfei\u00e7oamento art\u00edstico e t\u00e9cnico do sector musical:<\/strong><\/a>\u00a0Convite \u00e0 apresenta\u00e7\u00e3o de candidaturas destinado a apoiar a especializa\u00e7\u00e3o e o aperfei\u00e7oamento art\u00edstico e t\u00e9cnico de todos os agentes do sector musical ibero-americano. Destina-se a instrumentistas, cantoras e cantores, t\u00e9cnicos e tecnicos, luthiers, compositoras e compositores e a todos os agentes da cadeia de valor do sector musical que pretendam realizar um programa de especializa\u00e7\u00e3o e aperfei\u00e7oamento. Estas bolsas destinam-se a graus avan\u00e7ados e a especialistas em todas as \u00e1reas, t\u00e9cnicas, g\u00e9neros e estilos musicais. Este ano, podem ser apresentadas propostas abertas a destinos de todo o mundo.<\/p>\n<p><a href=\"http:\/\/staging.ibermusicas.org\/index.php\/convocatorias-pt\/\" target=\"_blank\" rel=\"noopener\"><strong>Ajudas para o sector musical em modalidade virtual:<\/strong><\/a>\u00a0Convocat\u00f3ria destinada a apoiar as inovadoras e diversas modalidades assumidas pela cria\u00e7\u00e3o e difus\u00e3o da m\u00fasica nos tempos modernos. O Programa Iberm\u00fasicas pretende, atrav\u00e9s deste concurso, promover a produ\u00e7\u00e3o de conte\u00fados a difundir virtualmente, fomentar laborat\u00f3rios de cria\u00e7\u00e3o, refor\u00e7ar a forma\u00e7\u00e3o cont\u00ednua do sector musical ibero-americano e incentivar a inova\u00e7\u00e3o no sector, tendo sempre em conta a coopera\u00e7\u00e3o ibero-americana entre os pa\u00edses membros.<\/p>\n<p><a href=\"http:\/\/staging.ibermusicas.org\/index.php\/convocatorias-pt\/\" target=\"_blank\" rel=\"noopener\"><strong>Pr\u00eamio Iberm\u00fasicas para a Cria\u00e7\u00e3o de Can\u00e7\u00f5es:<\/strong><\/a>\u00a0Um concurso que visa promover a cria\u00e7\u00e3o de m\u00fasica popular e o refor\u00e7o dos la\u00e7os de coopera\u00e7\u00e3o entre criadores, int\u00e9rpretes, compositores e autores de can\u00e7\u00f5es do sector musical ibero-americano. \u00c9 por isso que esta convocat\u00f3ria foi concebida para a co-cria\u00e7\u00e3o de can\u00e7\u00f5es entre artistas de dois pa\u00edses membros do Programa. \u00c9 um concurso aberto a todos os estilos musicais, incentivando estas actividades com total liberdade criativa.<\/p>\n<p><a href=\"http:\/\/staging.ibermusicas.org\/index.php\/convocatorias-pt\/\" target=\"_blank\" rel=\"noopener\"><strong>Pr\u00eamio Iberm\u00fasicas para a composi\u00e7\u00e3o de obras sinf\u00f3nicas:<\/strong><\/a>\u00a0Este concurso destina-se a refor\u00e7ar a cria\u00e7\u00e3o de novas obras sinf\u00f3nicas com o objectivo de ampliar o repert\u00f3rio ibero-americano neste dom\u00ednio, incentivando estas actividades com plena liberdade criativa. As obras vencedoras receber\u00e3o um pr\u00e9mio financeiro e a sua estreia ser\u00e1 promovida atrav\u00e9s de um concerto especial pela Orquestra Sinf\u00f3nica Nacional de Cuba ou pela Orquestra Filarm\u00f3nica Nacional da Venezuela, conforme o caso e no \u00e2mbito de um grande evento.<\/p>\n<p><a href=\"http:\/\/staging.ibermusicas.org\/index.php\/convocatorias-pt\/\" target=\"_blank\" rel=\"noopener\"><strong>Chamada especial Iberm\u00fasicas &#8211; Mid Atlantic:<\/strong><\/a>\u00a0Convocat\u00f3ria com o objectivo de apoiar e fomentar a internacionaliza\u00e7\u00e3o dos espect\u00e1culos musicais ibero-americanos nos Estados Unidos para apoiar projectos seleccionados com fundos de ambas as organiza\u00e7\u00f5es durante a temporada de julho de 2024 a junho de 2025.<\/p>\n<p><a href=\"http:\/\/staging.ibermusicas.org\/index.php\/convocatorias-pt\/\" target=\"_blank\" rel=\"noopener\"><strong>Pr\u00eamio Brasil Iberm\u00fasicas:<\/strong><\/a>\u00a0Concurso que visa reconhecer o m\u00e9rito de iniciativas ou espa\u00e7os que se t\u00eam dedicado, ao longo dos anos, \u00e0 difus\u00e3o da m\u00fasica brasileira: empreendimentos que se destacam pela sua contribui\u00e7\u00e3o para a difus\u00e3o da m\u00fasica brasileira em qualquer parte do mundo, fora do territ\u00f3rio do Brasil.<\/p>\n<p>Bem-vindas e bem-vindos a mais um ano de trabalho do Programa Ibermusicas, sempre a propor-se ir mais al\u00e9m com novas propostas e novos desafios.<\/p>\n<p>#Ibermusicas, o instrumento que nos une.<\/p>\n","protected":false},"excerpt":{"rendered":"<p>Como fazemos h\u00e1 mais de 10 anos, temos o grande prazer de anunciar as nossas convocat\u00f3rias e concursos dirigidos a todo o sector musical ibero-americano. Este ano com a adi\u00e7\u00e3o de uma grande novidade. Muitas das nossas convocat\u00f3rias foram abertas a\u00a0destinos de todo o mundo.\u00a0O sector da m\u00fasica regional encontra-se num momento prop\u00edcio para expandir [&hellip;]<\/p>\n","protected":false},"author":7,"featured_media":15705,"comment_status":"closed","ping_status":"closed","sticky":false,"template":"","format":"standard","meta":{"footnotes":""},"categories":[218],"tags":[],"class_list":["post-15693","post","type-post","status-publish","format-standard","has-post-thumbnail","hentry","category-noticias-generales-pt"],"lang":"pt","translations":{"pt":15693},"pll_sync_post":[],"post_mailing_queue_ids":[],"_links":{"self":[{"href":"http:\/\/staging.ibermusicas.org\/index.php\/wp-json\/wp\/v2\/posts\/15693","targetHints":{"allow":["GET"]}}],"collection":[{"href":"http:\/\/staging.ibermusicas.org\/index.php\/wp-json\/wp\/v2\/posts"}],"about":[{"href":"http:\/\/staging.ibermusicas.org\/index.php\/wp-json\/wp\/v2\/types\/post"}],"author":[{"embeddable":true,"href":"http:\/\/staging.ibermusicas.org\/index.php\/wp-json\/wp\/v2\/users\/7"}],"replies":[{"embeddable":true,"href":"http:\/\/staging.ibermusicas.org\/index.php\/wp-json\/wp\/v2\/comments?post=15693"}],"version-history":[{"count":4,"href":"http:\/\/staging.ibermusicas.org\/index.php\/wp-json\/wp\/v2\/posts\/15693\/revisions"}],"predecessor-version":[{"id":15750,"href":"http:\/\/staging.ibermusicas.org\/index.php\/wp-json\/wp\/v2\/posts\/15693\/revisions\/15750"}],"wp:featuredmedia":[{"embeddable":true,"href":"http:\/\/staging.ibermusicas.org\/index.php\/wp-json\/wp\/v2\/media\/15705"}],"wp:attachment":[{"href":"http:\/\/staging.ibermusicas.org\/index.php\/wp-json\/wp\/v2\/media?parent=15693"}],"wp:term":[{"taxonomy":"category","embeddable":true,"href":"http:\/\/staging.ibermusicas.org\/index.php\/wp-json\/wp\/v2\/categories?post=15693"},{"taxonomy":"post_tag","embeddable":true,"href":"http:\/\/staging.ibermusicas.org\/index.php\/wp-json\/wp\/v2\/tags?post=15693"}],"curies":[{"name":"wp","href":"https:\/\/api.w.org\/{rel}","templated":true}]}}