{"id":15751,"date":"2023-06-01T18:54:12","date_gmt":"2023-06-01T18:54:12","guid":{"rendered":"http:\/\/staging.ibermusicas.org\/?p=15751"},"modified":"2023-06-29T12:59:12","modified_gmt":"2023-06-29T12:59:12","slug":"el-disco-tamboreras-por-el-mundo-vol-1-de-vivi-pozzebon-resulto-ganador-de-los-premios-gardel-de-argentina","status":"publish","type":"post","link":"http:\/\/staging.ibermusicas.org\/index.php\/el-disco-tamboreras-por-el-mundo-vol-1-de-vivi-pozzebon-resulto-ganador-de-los-premios-gardel-de-argentina\/","title":{"rendered":"El disco \u00abTamboreras por el mundo, vol. 1\u00bb de Vivi Pozzeb\u00f3n result\u00f3\u00a0 ganador de los Premios Gardel de Argentina"},"content":{"rendered":"<p>\u00abTamboreras por el mundo, vol. 1\u00bb de\u00a0 Vivi Pozzeb\u00f3n recibi\u00f3 el premio Gardel a la M\u00fasica como mejor \u00e1lbum instrumental &#8211; fusi\u00f3n &#8211; world music.<\/p>\n<p>&nbsp;<\/p>\n<p>Tamboreras por el Mundo es un disco conceptual de la cantante, percusionista, inte\u0301rprete y compositora cordobesa ViviPozzebo\u0301n editado por Los An\u0303os Luz Discos.<\/p>\n<p>&nbsp;<\/p>\n<p>El trabajo cuenta con la colaboracio\u0301n de Orito Cantora y Jenn del Tambo de Colombia, Ses de Galicia, La Melaza Candombe de Uruguay, Liliana Zavala de Argentina, Milagros Blades de Panam\u00e1 y Yissy Garc\u00eda de Cuba.<\/p>\n<p>Vivi investiga a lo largo de su carrera sobre las rai\u0301ces africanas en el folclore de Argentina y Latinoam\u00e9rica.Tiene 3 discos solistas. Forma parte de \u201cDe boca en boca\u201d y es Co-Directora del proyecto \u201cTamboreras \u2013 Mujeres al Tambor\u201d. Ella es un universo enorme de mu\u0301sica, investigacio\u0301n, escenarios y proyectos realizados.<\/p>\n<p>\u00abTamboreras por el mundo, vol. 1\u00bb\u00a0 fue realizado con el apoyo de Iberm\u00fasicas (Ayudas al sector musical en modalidad virtual, convocatoria 2020) y del Fondo Nacional de la Artes de Argentina.<\/p>\n","protected":false},"excerpt":{"rendered":"<p>\u00abTamboreras por el mundo, vol. 1\u00bb de\u00a0 Vivi Pozzeb\u00f3n recibi\u00f3 el premio Gardel a la M\u00fasica como mejor \u00e1lbum instrumental &#8211; fusi\u00f3n &#8211; world music. &nbsp; Tamboreras por el Mundo es un disco conceptual de la cantante, percusionista, inte\u0301rprete y compositora cordobesa ViviPozzebo\u0301n editado por Los An\u0303os Luz Discos. &nbsp; El trabajo cuenta con la [&hellip;]<\/p>\n","protected":false},"author":7,"featured_media":15752,"comment_status":"closed","ping_status":"closed","sticky":false,"template":"","format":"standard","meta":{"footnotes":""},"categories":[53],"tags":[],"class_list":["post-15751","post","type-post","status-publish","format-standard","has-post-thumbnail","hentry","category-noticias-generales"],"lang":"es","translations":{"es":15751,"pt":15754},"pll_sync_post":[],"post_mailing_queue_ids":[],"_links":{"self":[{"href":"http:\/\/staging.ibermusicas.org\/index.php\/wp-json\/wp\/v2\/posts\/15751","targetHints":{"allow":["GET"]}}],"collection":[{"href":"http:\/\/staging.ibermusicas.org\/index.php\/wp-json\/wp\/v2\/posts"}],"about":[{"href":"http:\/\/staging.ibermusicas.org\/index.php\/wp-json\/wp\/v2\/types\/post"}],"author":[{"embeddable":true,"href":"http:\/\/staging.ibermusicas.org\/index.php\/wp-json\/wp\/v2\/users\/7"}],"replies":[{"embeddable":true,"href":"http:\/\/staging.ibermusicas.org\/index.php\/wp-json\/wp\/v2\/comments?post=15751"}],"version-history":[{"count":1,"href":"http:\/\/staging.ibermusicas.org\/index.php\/wp-json\/wp\/v2\/posts\/15751\/revisions"}],"predecessor-version":[{"id":15753,"href":"http:\/\/staging.ibermusicas.org\/index.php\/wp-json\/wp\/v2\/posts\/15751\/revisions\/15753"}],"wp:featuredmedia":[{"embeddable":true,"href":"http:\/\/staging.ibermusicas.org\/index.php\/wp-json\/wp\/v2\/media\/15752"}],"wp:attachment":[{"href":"http:\/\/staging.ibermusicas.org\/index.php\/wp-json\/wp\/v2\/media?parent=15751"}],"wp:term":[{"taxonomy":"category","embeddable":true,"href":"http:\/\/staging.ibermusicas.org\/index.php\/wp-json\/wp\/v2\/categories?post=15751"},{"taxonomy":"post_tag","embeddable":true,"href":"http:\/\/staging.ibermusicas.org\/index.php\/wp-json\/wp\/v2\/tags?post=15751"}],"curies":[{"name":"wp","href":"https:\/\/api.w.org\/{rel}","templated":true}]}}