{"id":15754,"date":"2023-06-01T18:55:31","date_gmt":"2023-06-01T18:55:31","guid":{"rendered":"http:\/\/staging.ibermusicas.org\/?p=15754"},"modified":"2023-06-29T13:09:11","modified_gmt":"2023-06-29T13:09:11","slug":"o-album-tamboreras-por-el-mundo-vol-1-de-vivi-pozzebon-foi-o-vencedor-dos-premios-gardel-na-argentina","status":"publish","type":"post","link":"http:\/\/staging.ibermusicas.org\/index.php\/o-album-tamboreras-por-el-mundo-vol-1-de-vivi-pozzebon-foi-o-vencedor-dos-premios-gardel-na-argentina\/","title":{"rendered":"O \u00e1lbum \u00abTamboreras por el mundo, vol. 1\u00bb de Vivi Pozzeb\u00f3n foi o vencedor dos Pr\u00e9mios Gardel na Argentina"},"content":{"rendered":"<p>O \u00e1lbum \u00abTamboreras por el mundo, vol. 1\u00bb de Vivi Pozzeb\u00f3n recebeu o Pr\u00eamio Gardel de M\u00fasica para melhor \u00e1lbum instrumental &#8211; fus\u00e3o &#8211; world music.<\/p>\n<p>&nbsp;<\/p>\n<p>Tamboreras por el Mundo \u00e9 um \u00e1lbum conceptual da cantora, percussionista, int\u00e9rprete e compositora cordovesa Vivi Pozzeb\u00f3n, lan\u00e7ado por Los A\u00f1os Luz Discos.<\/p>\n<p>&nbsp;<\/p>\n<p>O trabalho conta com a colabora\u00e7\u00e3o de Orito Cantora e Jenn del Tambo da Col\u00f4mbia, Ses da Galiza, La Melaza Candombe do Uruguai, Liliana Zavala da Argentina, Milagros Blades do Panam\u00e1 e Yissy Garc\u00eda de Cuba.<\/p>\n<p>&nbsp;<\/p>\n<p>Ao longo da sua carreira, Vivi tem pesquisado as ra\u00edzes africanas no folclore argentino e latino-americano e lan\u00e7ou 3 \u00e1lbuns a solo. Faz parte do grupo \u00abDe boca en boca\u00bb e \u00e9 co-diretora do projeto \u00abTamboreras &#8211; Mujeres al Tambor\u00bb. \u00c9 um enorme universo de m\u00fasica, pesquisa, palcos e projectos.<\/p>\n<p>&nbsp;<\/p>\n<p>\u00abTamboreras por el mundo, vol. 1\u00bb foi realizado com o apoio de Iberm\u00fasicas (Ayudas al sector musical en modalidad virtual, convocatoria 2020) e do Fondo Nacional de la Artes de Argentina.<\/p>\n","protected":false},"excerpt":{"rendered":"<p>O \u00e1lbum \u00abTamboreras por el mundo, vol. 1\u00bb de Vivi Pozzeb\u00f3n recebeu o Pr\u00eamio Gardel de M\u00fasica para melhor \u00e1lbum instrumental &#8211; fus\u00e3o &#8211; world music. &nbsp; Tamboreras por el Mundo \u00e9 um \u00e1lbum conceptual da cantora, percussionista, int\u00e9rprete e compositora cordovesa Vivi Pozzeb\u00f3n, lan\u00e7ado por Los A\u00f1os Luz Discos. &nbsp; O trabalho conta com [&hellip;]<\/p>\n","protected":false},"author":7,"featured_media":15752,"comment_status":"closed","ping_status":"closed","sticky":false,"template":"","format":"standard","meta":{"footnotes":""},"categories":[218],"tags":[],"class_list":["post-15754","post","type-post","status-publish","format-standard","has-post-thumbnail","hentry","category-noticias-generales-pt"],"lang":"pt","translations":{"pt":15754,"es":15751},"pll_sync_post":[],"post_mailing_queue_ids":[],"_links":{"self":[{"href":"http:\/\/staging.ibermusicas.org\/index.php\/wp-json\/wp\/v2\/posts\/15754","targetHints":{"allow":["GET"]}}],"collection":[{"href":"http:\/\/staging.ibermusicas.org\/index.php\/wp-json\/wp\/v2\/posts"}],"about":[{"href":"http:\/\/staging.ibermusicas.org\/index.php\/wp-json\/wp\/v2\/types\/post"}],"author":[{"embeddable":true,"href":"http:\/\/staging.ibermusicas.org\/index.php\/wp-json\/wp\/v2\/users\/7"}],"replies":[{"embeddable":true,"href":"http:\/\/staging.ibermusicas.org\/index.php\/wp-json\/wp\/v2\/comments?post=15754"}],"version-history":[{"count":1,"href":"http:\/\/staging.ibermusicas.org\/index.php\/wp-json\/wp\/v2\/posts\/15754\/revisions"}],"predecessor-version":[{"id":15755,"href":"http:\/\/staging.ibermusicas.org\/index.php\/wp-json\/wp\/v2\/posts\/15754\/revisions\/15755"}],"wp:featuredmedia":[{"embeddable":true,"href":"http:\/\/staging.ibermusicas.org\/index.php\/wp-json\/wp\/v2\/media\/15752"}],"wp:attachment":[{"href":"http:\/\/staging.ibermusicas.org\/index.php\/wp-json\/wp\/v2\/media?parent=15754"}],"wp:term":[{"taxonomy":"category","embeddable":true,"href":"http:\/\/staging.ibermusicas.org\/index.php\/wp-json\/wp\/v2\/categories?post=15754"},{"taxonomy":"post_tag","embeddable":true,"href":"http:\/\/staging.ibermusicas.org\/index.php\/wp-json\/wp\/v2\/tags?post=15754"}],"curies":[{"name":"wp","href":"https:\/\/api.w.org\/{rel}","templated":true}]}}