{"id":15762,"date":"2023-06-01T23:57:49","date_gmt":"2023-06-01T23:57:49","guid":{"rendered":"http:\/\/staging.ibermusicas.org\/?p=15762"},"modified":"2023-06-29T12:59:18","modified_gmt":"2023-06-29T12:59:18","slug":"el-artista-peruano-mauricio-mesones-lanza-su-nuevo-disco-viaje-tropical-2","status":"publish","type":"post","link":"http:\/\/staging.ibermusicas.org\/index.php\/el-artista-peruano-mauricio-mesones-lanza-su-nuevo-disco-viaje-tropical-2\/","title":{"rendered":"El artista peruano Mauricio Mesones lanza su nuevo disco \u201cViaje Tropical 2\u201d"},"content":{"rendered":"<p>El nuevo disco \u201cViaje Tropical 2\u201d de Mauricio Mesones se estrena en todas las plataformas de reproducci\u00f3n digital con nuevas composiciones y distintas remembranzas a la cumbia y el folclore. El disco comienza por un recorrido de las tierras norte\u00f1as, rememorando lo mejor de la cumbia y termina con una versi\u00f3n \u00fanica en ska de la conocida canci\u00f3n \u201cSerpiente\u201d de Manuel Mantilla.<\/p>\n<p><em>\u201cHacer este disco es el segundo paso de un viaje de 5\u201d<\/em>, menciona Mauricio quien afirma tener ya listos los pr\u00f3ximos 3 viajes musicales.<\/p>\n<p>Mauricio Mesones es un cantante y m\u00fasico peruano. Fue el primer vocalista del grupo musical de cumbia peruana Bareto, para luego continuar su carrera art\u00edstica como solista. En 2021, lanz\u00f3 su primer \u00e1lbum \u201cViaje tropical\u201d con una presentaci\u00f3n especial en el Gran Teatro Nacional del Per\u00fa.<\/p>\n<p>Su propuesta Viaje Tropical fue beneficiaria de las Ayudas en Modalidad Virtual de Iberm\u00fasicas, convocatorias 2021.<\/p>\n<p>Este 15 y 16 de julio har\u00e1 un tremendo show de cumbia sinf\u00f3nica en el Gran Teatro Nacional, en ella se podr\u00e1 disfrutar de varios de sus temas en versiones nunca antes escuchadas.<\/p>\n<p>&nbsp;<\/p>\n<p>Desde el 1ero de junio en:\u00a0 <a href=\"https:\/\/links.altafonte.com\/bmxo8r9\">https:\/\/links.altafonte.com\/bmxo8r9<\/a><\/p>\n","protected":false},"excerpt":{"rendered":"<p>El nuevo disco \u201cViaje Tropical 2\u201d de Mauricio Mesones se estrena en todas las plataformas de reproducci\u00f3n digital con nuevas composiciones y distintas remembranzas a la cumbia y el folclore. El disco comienza por un recorrido de las tierras norte\u00f1as, rememorando lo mejor de la cumbia y termina con una versi\u00f3n \u00fanica en ska de [&hellip;]<\/p>\n","protected":false},"author":7,"featured_media":15763,"comment_status":"closed","ping_status":"closed","sticky":false,"template":"","format":"standard","meta":{"footnotes":""},"categories":[53],"tags":[],"class_list":["post-15762","post","type-post","status-publish","format-standard","has-post-thumbnail","hentry","category-noticias-generales"],"lang":"es","translations":{"es":15762,"pt":15765},"pll_sync_post":[],"post_mailing_queue_ids":[],"_links":{"self":[{"href":"http:\/\/staging.ibermusicas.org\/index.php\/wp-json\/wp\/v2\/posts\/15762","targetHints":{"allow":["GET"]}}],"collection":[{"href":"http:\/\/staging.ibermusicas.org\/index.php\/wp-json\/wp\/v2\/posts"}],"about":[{"href":"http:\/\/staging.ibermusicas.org\/index.php\/wp-json\/wp\/v2\/types\/post"}],"author":[{"embeddable":true,"href":"http:\/\/staging.ibermusicas.org\/index.php\/wp-json\/wp\/v2\/users\/7"}],"replies":[{"embeddable":true,"href":"http:\/\/staging.ibermusicas.org\/index.php\/wp-json\/wp\/v2\/comments?post=15762"}],"version-history":[{"count":1,"href":"http:\/\/staging.ibermusicas.org\/index.php\/wp-json\/wp\/v2\/posts\/15762\/revisions"}],"predecessor-version":[{"id":15764,"href":"http:\/\/staging.ibermusicas.org\/index.php\/wp-json\/wp\/v2\/posts\/15762\/revisions\/15764"}],"wp:featuredmedia":[{"embeddable":true,"href":"http:\/\/staging.ibermusicas.org\/index.php\/wp-json\/wp\/v2\/media\/15763"}],"wp:attachment":[{"href":"http:\/\/staging.ibermusicas.org\/index.php\/wp-json\/wp\/v2\/media?parent=15762"}],"wp:term":[{"taxonomy":"category","embeddable":true,"href":"http:\/\/staging.ibermusicas.org\/index.php\/wp-json\/wp\/v2\/categories?post=15762"},{"taxonomy":"post_tag","embeddable":true,"href":"http:\/\/staging.ibermusicas.org\/index.php\/wp-json\/wp\/v2\/tags?post=15762"}],"curies":[{"name":"wp","href":"https:\/\/api.w.org\/{rel}","templated":true}]}}