{"id":15765,"date":"2023-06-02T00:00:12","date_gmt":"2023-06-02T00:00:12","guid":{"rendered":"http:\/\/staging.ibermusicas.org\/?p=15765"},"modified":"2023-06-29T13:09:02","modified_gmt":"2023-06-29T13:09:02","slug":"o-artista-peruano-mauricio-mesones-lanca-o-seu-novo-album-viaje-tropical-2","status":"publish","type":"post","link":"http:\/\/staging.ibermusicas.org\/index.php\/o-artista-peruano-mauricio-mesones-lanca-o-seu-novo-album-viaje-tropical-2\/","title":{"rendered":"O artista peruano Mauricio Mesones lan\u00e7a o seu novo \u00e1lbum \u00abViaje Tropical 2\u00bb"},"content":{"rendered":"<p>O novo \u00e1lbum \u00abViaje Tropical 2\u00bb de Mauricio Mesones \u00e9 lan\u00e7ado em todas as plataformas de reprodu\u00e7\u00e3o digital com novas composi\u00e7\u00f5es e diferentes lembran\u00e7as da cumbia e do folclore. O \u00e1lbum come\u00e7a com um passeio pelas terras do norte, recordando o melhor da cumbia e termina com uma vers\u00e3o \u00fanica de ska da conhecida can\u00e7\u00e3o \u00abSerpiente\u00bb de Manuel Mantilla.<\/p>\n<p>&nbsp;<\/p>\n<p><em>\u00abFazer este \u00e1lbum \u00e9 o segundo passo de uma viagem de cinco\u00bb<\/em>, diz Mauricio, que afirma ter as pr\u00f3ximas tr\u00eas viagens musicais prontas.<\/p>\n<p>&nbsp;<\/p>\n<p>Mauricio Mesones \u00e9 um cantor e m\u00fasico peruano. Foi o primeiro vocalista da banda de cumbia peruana Bareto, e depois continuou a sua carreira art\u00edstica como solista. Em 2021, lan\u00e7ou o seu primeiro \u00e1lbum \u00abViaje tropical\u00bb com uma apresenta\u00e7\u00e3o especial no Gran Teatro Nacional del Per\u00fa.<\/p>\n<p>&nbsp;<\/p>\n<p>A sua proposta Viaje Tropical foi benefici\u00e1ria das Ajudas de Iberm\u00fasicas em Modalidade Virtual, convocat\u00f3rias 2021.<\/p>\n<p>&nbsp;<\/p>\n<p>Nos dias 15 e 16 de julho, apresentar\u00e1 um tremendo show de cumbia sinf\u00f4nica no Gran Teatro Nacional, onde se poder\u00e1 desfrutar de v\u00e1rias de suas m\u00fasicas em vers\u00f5es nunca antes ouvidas.<\/p>\n<p>A partir de 1 de Junho em: <a href=\"https:\/\/links.altafonte.com\/bmxo8r9\">https:\/\/links.altafonte.com\/bmxo8r9<\/a><\/p>\n","protected":false},"excerpt":{"rendered":"<p>O novo \u00e1lbum \u00abViaje Tropical 2\u00bb de Mauricio Mesones \u00e9 lan\u00e7ado em todas as plataformas de reprodu\u00e7\u00e3o digital com novas composi\u00e7\u00f5es e diferentes lembran\u00e7as da cumbia e do folclore. O \u00e1lbum come\u00e7a com um passeio pelas terras do norte, recordando o melhor da cumbia e termina com uma vers\u00e3o \u00fanica de ska da conhecida can\u00e7\u00e3o [&hellip;]<\/p>\n","protected":false},"author":7,"featured_media":15763,"comment_status":"closed","ping_status":"closed","sticky":false,"template":"","format":"standard","meta":{"footnotes":""},"categories":[218],"tags":[],"class_list":["post-15765","post","type-post","status-publish","format-standard","has-post-thumbnail","hentry","category-noticias-generales-pt"],"lang":"pt","translations":{"pt":15765,"es":15762},"pll_sync_post":[],"post_mailing_queue_ids":[],"_links":{"self":[{"href":"http:\/\/staging.ibermusicas.org\/index.php\/wp-json\/wp\/v2\/posts\/15765","targetHints":{"allow":["GET"]}}],"collection":[{"href":"http:\/\/staging.ibermusicas.org\/index.php\/wp-json\/wp\/v2\/posts"}],"about":[{"href":"http:\/\/staging.ibermusicas.org\/index.php\/wp-json\/wp\/v2\/types\/post"}],"author":[{"embeddable":true,"href":"http:\/\/staging.ibermusicas.org\/index.php\/wp-json\/wp\/v2\/users\/7"}],"replies":[{"embeddable":true,"href":"http:\/\/staging.ibermusicas.org\/index.php\/wp-json\/wp\/v2\/comments?post=15765"}],"version-history":[{"count":1,"href":"http:\/\/staging.ibermusicas.org\/index.php\/wp-json\/wp\/v2\/posts\/15765\/revisions"}],"predecessor-version":[{"id":15766,"href":"http:\/\/staging.ibermusicas.org\/index.php\/wp-json\/wp\/v2\/posts\/15765\/revisions\/15766"}],"wp:featuredmedia":[{"embeddable":true,"href":"http:\/\/staging.ibermusicas.org\/index.php\/wp-json\/wp\/v2\/media\/15763"}],"wp:attachment":[{"href":"http:\/\/staging.ibermusicas.org\/index.php\/wp-json\/wp\/v2\/media?parent=15765"}],"wp:term":[{"taxonomy":"category","embeddable":true,"href":"http:\/\/staging.ibermusicas.org\/index.php\/wp-json\/wp\/v2\/categories?post=15765"},{"taxonomy":"post_tag","embeddable":true,"href":"http:\/\/staging.ibermusicas.org\/index.php\/wp-json\/wp\/v2\/tags?post=15765"}],"curies":[{"name":"wp","href":"https:\/\/api.w.org\/{rel}","templated":true}]}}