{"id":15767,"date":"2023-06-02T00:04:27","date_gmt":"2023-06-02T00:04:27","guid":{"rendered":"http:\/\/staging.ibermusicas.org\/?p=15767"},"modified":"2023-06-29T12:59:26","modified_gmt":"2023-06-29T12:59:26","slug":"el-cantautor-panameno-pierre-boutet-presenta-un-nuevo-sencillo","status":"publish","type":"post","link":"http:\/\/staging.ibermusicas.org\/index.php\/el-cantautor-panameno-pierre-boutet-presenta-un-nuevo-sencillo\/","title":{"rendered":"El cantautor paname\u00f1o Pierre Boutet, presenta un nuevo sencillo"},"content":{"rendered":"<p>Desde Panam\u00e1 Pierre Boutet, ganador de las Ayudas a la Circulaci\u00f3n Iberoamericana de Iberm\u00fasicas, lanza su nuevo sencillo, una versi\u00f3n\u00a0 personal del famoso tema \u201cQuiz\u00e1s, quiz\u00e1s, quiz\u00e1s\u201d grabado en Costa Rica de la mano del productor y arreglista Walter Flores.<\/p>\n<p>&nbsp;<\/p>\n<p>Nacido en la ciudad de Panam\u00e1, Pierre Boutet, inicia su inter\u00e9s por la m\u00fasica desde temprana edad, bajo el apoyo incondicional de su familia, recibe clases de piano, guitarra y canto. Esta inquietud lo llev\u00f3 a realizar grabaciones caseras con amigos durante la escuela primaria, y a participar en presentaciones art\u00edsticas dentro y fuera de su colegio. Su inter\u00e9s en la composici\u00f3n y escritura de canciones se fortaleci\u00f3 dentro del teatro y la actuaci\u00f3n, donde ingres\u00f3 como una forma de fortalecer su desenvolvimiento esc\u00e9nico.<\/p>\n<p>&nbsp;<\/p>\n<p>Estos dos mundos de la m\u00fasica y la actuaci\u00f3n, se encuentran presentes en sus composiciones y tambi\u00e9n su propuesta audiovisual en cada canci\u00f3n presentada. La primera muestra p\u00fablica de su trabajo ocurre en el a\u00f1o 2010 con el lanzamiento de su primer disco J\u00farame. El \u00e1lbum fue de suma importancia, ya que el disco plasmaba las corrientes musicales del artista, en \u00e9l se aprecian las baladas, el pop rock, y 7 boleros cl\u00e1sicos interpretados dentro del contexto pop tropical.<\/p>\n<p>&nbsp;<\/p>\n<p>Su siguiente trabajo, realizado junto al productor y ganador m\u00faltiples grammys Walter Flores, muestra la madurez del artista y una propuesta m\u00e1s arriesgada y directa de las corrientes musicales y artistas que les inspiraron a realizar m\u00fasica. \u00abSeguir\u201d, es un disco en formato Big Band Tropical, que se adentra en diversos ritmos y vertientes de la cultura tropical latinoamericana, como el chachach\u00e1, el son cubano, la salsa, folklore nativo. Incluye temas de su autor\u00eda y tambi\u00e9n hace homenaje a artistas de la talla de Tito Rodr\u00edguez y La Lupe entre otros.<\/p>\n<p>&nbsp;<\/p>\n<p>A partir del 2 de junio en: <a href=\"https:\/\/youtube.com\/c\/Pierreboutet\">https:\/\/youtube.com\/c\/Pierreboutet<\/a><\/p>\n<p>&nbsp;<\/p>\n","protected":false},"excerpt":{"rendered":"<p>Desde Panam\u00e1 Pierre Boutet, ganador de las Ayudas a la Circulaci\u00f3n Iberoamericana de Iberm\u00fasicas, lanza su nuevo sencillo, una versi\u00f3n\u00a0 personal del famoso tema \u201cQuiz\u00e1s, quiz\u00e1s, quiz\u00e1s\u201d grabado en Costa Rica de la mano del productor y arreglista Walter Flores. &nbsp; Nacido en la ciudad de Panam\u00e1, Pierre Boutet, inicia su inter\u00e9s por la m\u00fasica [&hellip;]<\/p>\n","protected":false},"author":7,"featured_media":15768,"comment_status":"closed","ping_status":"closed","sticky":false,"template":"","format":"standard","meta":{"footnotes":""},"categories":[53],"tags":[],"class_list":["post-15767","post","type-post","status-publish","format-standard","has-post-thumbnail","hentry","category-noticias-generales"],"lang":"es","translations":{"es":15767,"pt":15770},"pll_sync_post":[],"post_mailing_queue_ids":[],"_links":{"self":[{"href":"http:\/\/staging.ibermusicas.org\/index.php\/wp-json\/wp\/v2\/posts\/15767","targetHints":{"allow":["GET"]}}],"collection":[{"href":"http:\/\/staging.ibermusicas.org\/index.php\/wp-json\/wp\/v2\/posts"}],"about":[{"href":"http:\/\/staging.ibermusicas.org\/index.php\/wp-json\/wp\/v2\/types\/post"}],"author":[{"embeddable":true,"href":"http:\/\/staging.ibermusicas.org\/index.php\/wp-json\/wp\/v2\/users\/7"}],"replies":[{"embeddable":true,"href":"http:\/\/staging.ibermusicas.org\/index.php\/wp-json\/wp\/v2\/comments?post=15767"}],"version-history":[{"count":1,"href":"http:\/\/staging.ibermusicas.org\/index.php\/wp-json\/wp\/v2\/posts\/15767\/revisions"}],"predecessor-version":[{"id":15769,"href":"http:\/\/staging.ibermusicas.org\/index.php\/wp-json\/wp\/v2\/posts\/15767\/revisions\/15769"}],"wp:featuredmedia":[{"embeddable":true,"href":"http:\/\/staging.ibermusicas.org\/index.php\/wp-json\/wp\/v2\/media\/15768"}],"wp:attachment":[{"href":"http:\/\/staging.ibermusicas.org\/index.php\/wp-json\/wp\/v2\/media?parent=15767"}],"wp:term":[{"taxonomy":"category","embeddable":true,"href":"http:\/\/staging.ibermusicas.org\/index.php\/wp-json\/wp\/v2\/categories?post=15767"},{"taxonomy":"post_tag","embeddable":true,"href":"http:\/\/staging.ibermusicas.org\/index.php\/wp-json\/wp\/v2\/tags?post=15767"}],"curies":[{"name":"wp","href":"https:\/\/api.w.org\/{rel}","templated":true}]}}