{"id":15770,"date":"2023-06-02T00:07:54","date_gmt":"2023-06-02T00:07:54","guid":{"rendered":"http:\/\/staging.ibermusicas.org\/?p=15770"},"modified":"2023-06-29T13:08:54","modified_gmt":"2023-06-29T13:08:54","slug":"o-cantor-e-compositor-panamiano-pierre-boutet-apresenta-um-novo-single","status":"publish","type":"post","link":"http:\/\/staging.ibermusicas.org\/index.php\/o-cantor-e-compositor-panamiano-pierre-boutet-apresenta-um-novo-single\/","title":{"rendered":"O cantor e compositor panamiano Pierre Boutet apresenta um novo single"},"content":{"rendered":"<p>Do Panam\u00e1, Pierre Boutet,\u00a0 vencedor das Ajudas para a Circula\u00e7\u00e3o Ibero-americana, lan\u00e7a o seu novo single, uma vers\u00e3o pessoal da famosa can\u00e7\u00e3o \u00abQuiz\u00e1s, quiz\u00e1s, quiz\u00e1s\u00bb gravado na Costa Rica pelo produtor e arranjador Walter Flores.<\/p>\n<p>&nbsp;<\/p>\n<p>Nascido na Cidade do Panam\u00e1, Pierre Boutet come\u00e7ou a interessar-se pela m\u00fasica desde muito cedo, sob o apoio incondicional da sua fam\u00edlia, recebendo aulas de piano, guitarra e canto. Este interesse levou-o a fazer grava\u00e7\u00f5es caseiras com amigos durante a escola prim\u00e1ria e a participar em espect\u00e1culos art\u00edsticos dentro e fora da escola. O seu interesse pela escrita e composi\u00e7\u00e3o de can\u00e7\u00f5es foi refor\u00e7ado atrav\u00e9s do teatro e da representa\u00e7\u00e3o, onde entrou como forma de fortalecer o seu desempenho em palco.<\/p>\n<p><strong>\u00a0<\/strong><\/p>\n<p>Estes dois mundos da m\u00fasica e da representa\u00e7\u00e3o est\u00e3o presentes nas suas composi\u00e7\u00f5es e tamb\u00e9m na sua proposta audiovisual em cada can\u00e7\u00e3o apresentada. A primeira exibi\u00e7\u00e3o p\u00fablica do seu trabalho ocorreu em 2010 com o lan\u00e7amento do seu primeiro \u00e1lbum J\u00farame. O \u00e1lbum foi de suma import\u00e2ncia, pois o disco encarnou as correntes musicais do artista, no qual podem ser apreciadas baladas, pop rock e 7 boleros cl\u00e1ssicos interpretados dentro do contexto do pop tropical.<\/p>\n<p>&nbsp;<\/p>\n<p>O seu trabalho seguinte, feito em conjunto com o produtor e vencedor de v\u00e1rios Grammy Walter Flores, mostra a maturidade do artista e uma proposta mais ousada e direta das correntes musicais e artistas que os inspiraram a fazer m\u00fasica. \u201cSeguir\u201d \u00e9 um \u00e1lbum em formato Tropical Big Band, que mergulha em v\u00e1rios ritmos e aspectos da cultura tropical latino-americana, como chachach\u00e1, son cubano, salsa e folclore nativo. Inclui can\u00e7\u00f5es pr\u00f3prias e tamb\u00e9m presta homenagem a artistas como Tito Rodr\u00edguez e La Lupe, entre outros.<\/p>\n<p>A partir de 2 de Junho, em: <a href=\"https:\/\/youtube.com\/c\/Pierreboutet\">https:\/\/youtube.com\/c\/Pierreboutet<\/a><\/p>\n","protected":false},"excerpt":{"rendered":"<p>Do Panam\u00e1, Pierre Boutet,\u00a0 vencedor das Ajudas para a Circula\u00e7\u00e3o Ibero-americana, lan\u00e7a o seu novo single, uma vers\u00e3o pessoal da famosa can\u00e7\u00e3o \u00abQuiz\u00e1s, quiz\u00e1s, quiz\u00e1s\u00bb gravado na Costa Rica pelo produtor e arranjador Walter Flores. &nbsp; Nascido na Cidade do Panam\u00e1, Pierre Boutet come\u00e7ou a interessar-se pela m\u00fasica desde muito cedo, sob o apoio incondicional [&hellip;]<\/p>\n","protected":false},"author":7,"featured_media":15768,"comment_status":"closed","ping_status":"closed","sticky":false,"template":"","format":"standard","meta":{"footnotes":""},"categories":[218],"tags":[],"class_list":["post-15770","post","type-post","status-publish","format-standard","has-post-thumbnail","hentry","category-noticias-generales-pt"],"lang":"pt","translations":{"pt":15770,"es":15767},"pll_sync_post":[],"post_mailing_queue_ids":[],"_links":{"self":[{"href":"http:\/\/staging.ibermusicas.org\/index.php\/wp-json\/wp\/v2\/posts\/15770","targetHints":{"allow":["GET"]}}],"collection":[{"href":"http:\/\/staging.ibermusicas.org\/index.php\/wp-json\/wp\/v2\/posts"}],"about":[{"href":"http:\/\/staging.ibermusicas.org\/index.php\/wp-json\/wp\/v2\/types\/post"}],"author":[{"embeddable":true,"href":"http:\/\/staging.ibermusicas.org\/index.php\/wp-json\/wp\/v2\/users\/7"}],"replies":[{"embeddable":true,"href":"http:\/\/staging.ibermusicas.org\/index.php\/wp-json\/wp\/v2\/comments?post=15770"}],"version-history":[{"count":1,"href":"http:\/\/staging.ibermusicas.org\/index.php\/wp-json\/wp\/v2\/posts\/15770\/revisions"}],"predecessor-version":[{"id":15771,"href":"http:\/\/staging.ibermusicas.org\/index.php\/wp-json\/wp\/v2\/posts\/15770\/revisions\/15771"}],"wp:featuredmedia":[{"embeddable":true,"href":"http:\/\/staging.ibermusicas.org\/index.php\/wp-json\/wp\/v2\/media\/15768"}],"wp:attachment":[{"href":"http:\/\/staging.ibermusicas.org\/index.php\/wp-json\/wp\/v2\/media?parent=15770"}],"wp:term":[{"taxonomy":"category","embeddable":true,"href":"http:\/\/staging.ibermusicas.org\/index.php\/wp-json\/wp\/v2\/categories?post=15770"},{"taxonomy":"post_tag","embeddable":true,"href":"http:\/\/staging.ibermusicas.org\/index.php\/wp-json\/wp\/v2\/tags?post=15770"}],"curies":[{"name":"wp","href":"https:\/\/api.w.org\/{rel}","templated":true}]}}