{"id":15772,"date":"2023-06-02T00:12:25","date_gmt":"2023-06-02T00:12:25","guid":{"rendered":"http:\/\/staging.ibermusicas.org\/?p=15772"},"modified":"2023-06-29T12:59:35","modified_gmt":"2023-06-29T12:59:35","slug":"llega-desde-peru-ritmo-el-primer-mercado-musical-totalmente-virtual-y-gratuito-a-nivel-internacional","status":"publish","type":"post","link":"http:\/\/staging.ibermusicas.org\/index.php\/llega-desde-peru-ritmo-el-primer-mercado-musical-totalmente-virtual-y-gratuito-a-nivel-internacional\/","title":{"rendered":"Llega desde Per\u00fa, Ritmo, el primer mercado musical totalmente virtual y gratuito a nivel internacional"},"content":{"rendered":"<p>Ritmo, Mercado Musical es un evento virtual que re\u00fane a exponentes de M\u00e9xico, Colombia, Per\u00fa y Argentina en diversas charlas, workshops, concursos, sorteos y actividades de networking sobre la industria musical. Su ingreso es libre y se trasmitir\u00e1 en vivo por medio de plataformas de streaming para que cualquier persona pueda participar, sin importar el lugar en el que se encuentre.<\/p>\n<p>&nbsp;<\/p>\n<p>El proyecto ha sido ganador de las ayudas al Sector Musical en Modalidad Virtual de Iberm\u00fasicas y en esta primera edici\u00f3n, Ritmo contar\u00e1 con la participaci\u00f3n de ponentes reconocidos en diferentes \u00e1reas de la industria musical. Entre ellos, Jorge Azama, Vicepresidente Regional para Latinoam\u00e9rica de la Audio Engineering Society (AES);\u00a0 Eric Kauffmann, Fundador y CEO de Make Audio Academy; Andr\u00e9s Mayo, Productor Musical e Ingeniero de Mastering de Charly Garc\u00eda, Fito P\u00e1ez, Shakira, entre otros; Lorena Ur\u00eda, Cantante y A&amp;R en Sepulchral Silence SL; Cristina Valentina, Cantautor Peruana; Raquel Rodr\u00edguez, Productora Ejecutiva en Veltrac; Jorge Fern\u00e1ndez, Productor de Megaconciertos y Docente de la UPC; Jaime G\u00f3mez, A&amp;R de FaroLatino Media Network y Mario Melgar, CEO EarCandy Town.<\/p>\n<p>&nbsp;<\/p>\n<p>2 y 3 de junio. Inscripciones en <a href=\"http:\/\/www.ritmomercadomusical.com\">www.ritmomercadomusical.com<\/a><\/p>\n<p>seguir en:\u00a0 <a href=\"http:\/\/www.ritmomercadomusical.com\/evento-en-vivo\/\">www.ritmomercadomusical.com\/evento-en-vivo\/<\/a><\/p>\n<p>y en: <a href=\"https:\/\/www.twitch.tv\/ritmomercadomusical\">\u00a0<\/a><a href=\"https:\/\/www.twitch.tv\/ritmomercadomusical\">https:\/\/www.twitch.tv\/ritmomercadomusical<\/a><\/p>\n<p>&nbsp;<\/p>\n","protected":false},"excerpt":{"rendered":"<p>Ritmo, Mercado Musical es un evento virtual que re\u00fane a exponentes de M\u00e9xico, Colombia, Per\u00fa y Argentina en diversas charlas, workshops, concursos, sorteos y actividades de networking sobre la industria musical. Su ingreso es libre y se trasmitir\u00e1 en vivo por medio de plataformas de streaming para que cualquier persona pueda participar, sin importar el [&hellip;]<\/p>\n","protected":false},"author":7,"featured_media":15773,"comment_status":"closed","ping_status":"closed","sticky":false,"template":"","format":"standard","meta":{"footnotes":""},"categories":[53],"tags":[],"class_list":["post-15772","post","type-post","status-publish","format-standard","has-post-thumbnail","hentry","category-noticias-generales"],"lang":"es","translations":{"es":15772,"pt":15775},"pll_sync_post":[],"post_mailing_queue_ids":[],"_links":{"self":[{"href":"http:\/\/staging.ibermusicas.org\/index.php\/wp-json\/wp\/v2\/posts\/15772","targetHints":{"allow":["GET"]}}],"collection":[{"href":"http:\/\/staging.ibermusicas.org\/index.php\/wp-json\/wp\/v2\/posts"}],"about":[{"href":"http:\/\/staging.ibermusicas.org\/index.php\/wp-json\/wp\/v2\/types\/post"}],"author":[{"embeddable":true,"href":"http:\/\/staging.ibermusicas.org\/index.php\/wp-json\/wp\/v2\/users\/7"}],"replies":[{"embeddable":true,"href":"http:\/\/staging.ibermusicas.org\/index.php\/wp-json\/wp\/v2\/comments?post=15772"}],"version-history":[{"count":1,"href":"http:\/\/staging.ibermusicas.org\/index.php\/wp-json\/wp\/v2\/posts\/15772\/revisions"}],"predecessor-version":[{"id":15774,"href":"http:\/\/staging.ibermusicas.org\/index.php\/wp-json\/wp\/v2\/posts\/15772\/revisions\/15774"}],"wp:featuredmedia":[{"embeddable":true,"href":"http:\/\/staging.ibermusicas.org\/index.php\/wp-json\/wp\/v2\/media\/15773"}],"wp:attachment":[{"href":"http:\/\/staging.ibermusicas.org\/index.php\/wp-json\/wp\/v2\/media?parent=15772"}],"wp:term":[{"taxonomy":"category","embeddable":true,"href":"http:\/\/staging.ibermusicas.org\/index.php\/wp-json\/wp\/v2\/categories?post=15772"},{"taxonomy":"post_tag","embeddable":true,"href":"http:\/\/staging.ibermusicas.org\/index.php\/wp-json\/wp\/v2\/tags?post=15772"}],"curies":[{"name":"wp","href":"https:\/\/api.w.org\/{rel}","templated":true}]}}