{"id":15775,"date":"2023-06-02T00:15:58","date_gmt":"2023-06-02T00:15:58","guid":{"rendered":"http:\/\/staging.ibermusicas.org\/?p=15775"},"modified":"2023-06-29T13:08:48","modified_gmt":"2023-06-29T13:08:48","slug":"ritmo-o-primeiro-mercado-internacional-de-musica-totalmente-virtual-e-gratuito-chega-do-peru","status":"publish","type":"post","link":"http:\/\/staging.ibermusicas.org\/index.php\/ritmo-o-primeiro-mercado-internacional-de-musica-totalmente-virtual-e-gratuito-chega-do-peru\/","title":{"rendered":"Ritmo, o primeiro mercado internacional de m\u00fasica totalmente virtual e gratuito, chega do Peru"},"content":{"rendered":"<p>Ritmo, Mercado Musical \u00e9 um evento virtual que re\u00fane expoentes do M\u00e9xico, Col\u00f4mbia, Peru e Argentina em diversas palestras, workshops, concursos, sorteios e atividades de networking sobre a ind\u00fastria musical. A entrada \u00e9 gratuita e o evento ser\u00e1 transmitido em directo atrav\u00e9s de plataformas de streaming para que qualquer pessoa possa participar, independentemente do local onde se encontre.<\/p>\n<p>&nbsp;<\/p>\n<p>O projecto foi o vencedor das ajudas ao Sector da M\u00fasica Virtual do Programa Iberm\u00fasicas e nesta primeira edi\u00e7\u00e3o o Ritmo contar\u00e1 com oradores de renome de diferentes \u00e1reas da ind\u00fastria musical. Entre eles, Jorge Azama, Vice-Presidente Regional para a Am\u00e9rica Latina da Audio Engineering Society (AES); Eric Kauffmann, Fundador e CEO da Make Audio Academy; Andr\u00e9s Mayo, Produtor Musical e Engenheiro de Masteriza\u00e7\u00e3o de Charly Garc\u00eda, Fito P\u00e1ez, Shakira, entre outros; Lorena Ur\u00eda, Cantora e A&amp;R na Sepulchral Silence SL; Cristina Valentina, Cantora e compositora peruana; Raquel Rodr\u00edguez, Produtora Executiva na Veltrac; Jorge Fern\u00e1ndez, Produtor de Megaconcertos e Professor da UPC; Jaime G\u00f3mez, A&amp;R na FaroLatino Media Network e Mario Melgar, CEO EarCandy Town.<\/p>\n<p>2 e 3 de Junho. Inscri\u00e7\u00f5es em www.ritmomercadomusical.com<\/p>\n<p>seguir em: <a href=\"http:\/\/www.ritmomercadomusical.com\/evento-en-vivo\/\">www.ritmomercadomusical.com\/evento-en-vivo\/<\/a><\/p>\n<p>e em: <a href=\"https:\/\/www.twitch.tv\/ritmomercadomusical\">https:\/\/www.twitch.tv\/ritmomercadomusical<\/a><\/p>\n","protected":false},"excerpt":{"rendered":"<p>Ritmo, Mercado Musical \u00e9 um evento virtual que re\u00fane expoentes do M\u00e9xico, Col\u00f4mbia, Peru e Argentina em diversas palestras, workshops, concursos, sorteios e atividades de networking sobre a ind\u00fastria musical. A entrada \u00e9 gratuita e o evento ser\u00e1 transmitido em directo atrav\u00e9s de plataformas de streaming para que qualquer pessoa possa participar, independentemente do local [&hellip;]<\/p>\n","protected":false},"author":7,"featured_media":15773,"comment_status":"closed","ping_status":"closed","sticky":false,"template":"","format":"standard","meta":{"footnotes":""},"categories":[218],"tags":[],"class_list":["post-15775","post","type-post","status-publish","format-standard","has-post-thumbnail","hentry","category-noticias-generales-pt"],"lang":"pt","translations":{"pt":15775,"es":15772},"pll_sync_post":[],"post_mailing_queue_ids":[],"_links":{"self":[{"href":"http:\/\/staging.ibermusicas.org\/index.php\/wp-json\/wp\/v2\/posts\/15775","targetHints":{"allow":["GET"]}}],"collection":[{"href":"http:\/\/staging.ibermusicas.org\/index.php\/wp-json\/wp\/v2\/posts"}],"about":[{"href":"http:\/\/staging.ibermusicas.org\/index.php\/wp-json\/wp\/v2\/types\/post"}],"author":[{"embeddable":true,"href":"http:\/\/staging.ibermusicas.org\/index.php\/wp-json\/wp\/v2\/users\/7"}],"replies":[{"embeddable":true,"href":"http:\/\/staging.ibermusicas.org\/index.php\/wp-json\/wp\/v2\/comments?post=15775"}],"version-history":[{"count":1,"href":"http:\/\/staging.ibermusicas.org\/index.php\/wp-json\/wp\/v2\/posts\/15775\/revisions"}],"predecessor-version":[{"id":15776,"href":"http:\/\/staging.ibermusicas.org\/index.php\/wp-json\/wp\/v2\/posts\/15775\/revisions\/15776"}],"wp:featuredmedia":[{"embeddable":true,"href":"http:\/\/staging.ibermusicas.org\/index.php\/wp-json\/wp\/v2\/media\/15773"}],"wp:attachment":[{"href":"http:\/\/staging.ibermusicas.org\/index.php\/wp-json\/wp\/v2\/media?parent=15775"}],"wp:term":[{"taxonomy":"category","embeddable":true,"href":"http:\/\/staging.ibermusicas.org\/index.php\/wp-json\/wp\/v2\/categories?post=15775"},{"taxonomy":"post_tag","embeddable":true,"href":"http:\/\/staging.ibermusicas.org\/index.php\/wp-json\/wp\/v2\/tags?post=15775"}],"curies":[{"name":"wp","href":"https:\/\/api.w.org\/{rel}","templated":true}]}}