{"id":15777,"date":"2023-06-02T00:21:12","date_gmt":"2023-06-02T00:21:12","guid":{"rendered":"http:\/\/staging.ibermusicas.org\/?p=15777"},"modified":"2023-06-29T12:51:02","modified_gmt":"2023-06-29T12:51:02","slug":"el-ensamble-a-tempo-de-mexico-realizara-dos-conciertos-en-los-cuales-estrenara-obras-de-sebastian-quesada-y-victor-marquez-barrios","status":"publish","type":"post","link":"http:\/\/staging.ibermusicas.org\/index.php\/el-ensamble-a-tempo-de-mexico-realizara-dos-conciertos-en-los-cuales-estrenara-obras-de-sebastian-quesada-y-victor-marquez-barrios\/","title":{"rendered":"El Ensamble A Tempo de M\u00e9xico realizar\u00e1 dos conciertos en los cuales estrenar\u00e1 obras de Sebastian Quesada y Victor Marquez Barrios"},"content":{"rendered":"<p>En el marco de la Ayuda otorgada por Iberm\u00fasicas el\u00a0 Ensamble A Tempo realizar\u00e1 dos conciertos en los cuales ser\u00e1n estrenadas las obras especialmente creadas para esta agrupaci\u00f3n dentro del marco de una ayuda otorgada por Iberm\u00fasicas. Las obras son\u00a0 \u201c&#8230;Sue\u00f1o con Alas de Vidrio\u201d de Sebastian Quesada (Costa Rica) y \u201cEl Pikiriko\u201d de Victor Marquez Barrios (Venezuela).<\/p>\n<p>&nbsp;<\/p>\n<p>El Ensamble A Tempo es una agrupaci\u00f3n de m\u00fasica contempor\u00e1nea integrada por artistas radicados en Le\u00f3n, Guanajuato. El ensamble, tras una d\u00e9cada de actividad, tiene como objetivo difundir m\u00fasica nueva de compositores mexicanos, teniendo tambi\u00e9n en su repertorio piezas originarias de otros pa\u00edses.<\/p>\n<p>&nbsp;<\/p>\n<p>La agrupaci\u00f3n se ha presentado en los principales escenarios de la m\u00fasica contempor\u00e1nea en el pa\u00eds, incluyendo el Festival Internacional Cervantino, el Festival Internacional de Arte Contempor\u00e1neo en Le\u00f3n, el Festival Expresiones Contempor\u00e1neas, el Festival ExNihilo y el WhiteNoise.Fest, entre otros.<\/p>\n<p>&nbsp;<\/p>\n<p>El ensamble est\u00e1 integrado por Arantxa Carr\u00e9 &#8211; Flauta, Alejandro Alc\u00e1zar &#8211; Oboe, Jalil Ram\u00edrez &#8211; Clarinete, Cristian Cruz &#8211; Fagot, Luis Flores &#8211; Trompeta, Ulises Hern\u00e1ndez\u00a0 &#8211; Piano, Rafael Melgar &#8211; Viol\u00edn, Roberto Torres &#8211; Viola, David Rizo &#8211; Violoncello, Jos\u00e9 Nicasio &#8211; Contrabajo y Enrique Eskeda &#8211; Director<\/p>\n<p>&nbsp;<\/p>\n<p>El compositor y guitarrista venezolano Victor M\u00e1rquez Barrios, posee un extenso cat\u00e1logo de obras que incluye composiciones para distintos instrumentos solistas, numerosos grupos de c\u00e1mara, medios electr\u00f3nicos, coro mixto y orquesta sinf\u00f3nica. Su m\u00fasica ha sido estrenada, publicada y grabada por importantes solistas y agrupaciones en Latinoam\u00e9rica, Europa y Estados Unidos, tales como el flautista Luis Julio Toro, el Ensamble enCayapa, el H2 Quartet y el d\u00fao Montes-Kircher, entre otros. Como compositor, juega con la idea de desdibujar la l\u00ednea divisoria entre la m\u00fasica \u201cpopular\u201d y la \u201ccl\u00e1sica\u201d. Una frontera innecesaria, inexistente en su imaginaci\u00f3n.<\/p>\n<p>&nbsp;<\/p>\n<p>Sebasti\u00e1n Quesada es un compositor costarricense graduado de la Universidad de Costa Rica, ganador del primer lugar del concurso Barbara Wagner. Ha estudiado con grandes compositores como Ricardo Lorens, Charles Gran, Carlos Castro y Luis Jos\u00e9 Guerra. Recientemente se ha establecido en Michigan, Estados Unidos. Como un compositor de m\u00fasica acad\u00e9mica est\u00e1 interesado en explorar la condici\u00f3n ambigua y subjetiva de la m\u00fasica para sugerir im\u00e1genes particulares, recurriendo a una mezcla de distintos g\u00e9neros y procesos. Sus piezas tratan de abordar narrativas musicales relacionadas a c\u00f3mo nosotros, como entidades sociales, percibimos el entorno.<\/p>\n<p>S\u00e1bado 3 de junio 19:00 h, concierto presencial \u00abM\u00e9xico Iberoamericano\u00bb, Centro Cultural Casa Cuatro, Guanajuato, M\u00e9xico<\/p>\n<p>&nbsp;<\/p>\n<p>Mi\u00e9rcoles 7 de junio 19:00 h, concierto virtual \u00abM\u00e9xico Iberoamericano\u00bb en:<\/p>\n<p><a href=\"https:\/\/www.facebook.com\/ATempoEnsamble\">https:\/\/www.facebook.com\/ATempoEnsamble<\/a><\/p>\n<p><a href=\"https:\/\/www.youtube.com\/ATempoEnsamble\">https:\/\/www.youtube.com\/ATempoEnsamble<\/a><\/p>\n","protected":false},"excerpt":{"rendered":"<p>En el marco de la Ayuda otorgada por Iberm\u00fasicas el\u00a0 Ensamble A Tempo realizar\u00e1 dos conciertos en los cuales ser\u00e1n estrenadas las obras especialmente creadas para esta agrupaci\u00f3n dentro del marco de una ayuda otorgada por Iberm\u00fasicas. Las obras son\u00a0 \u201c&#8230;Sue\u00f1o con Alas de Vidrio\u201d de Sebastian Quesada (Costa Rica) y \u201cEl Pikiriko\u201d de Victor [&hellip;]<\/p>\n","protected":false},"author":7,"featured_media":15778,"comment_status":"closed","ping_status":"closed","sticky":false,"template":"","format":"standard","meta":{"footnotes":""},"categories":[53],"tags":[],"class_list":["post-15777","post","type-post","status-publish","format-standard","has-post-thumbnail","hentry","category-noticias-generales"],"lang":"es","translations":{"es":15777,"pt":15780},"pll_sync_post":[],"post_mailing_queue_ids":[],"_links":{"self":[{"href":"http:\/\/staging.ibermusicas.org\/index.php\/wp-json\/wp\/v2\/posts\/15777","targetHints":{"allow":["GET"]}}],"collection":[{"href":"http:\/\/staging.ibermusicas.org\/index.php\/wp-json\/wp\/v2\/posts"}],"about":[{"href":"http:\/\/staging.ibermusicas.org\/index.php\/wp-json\/wp\/v2\/types\/post"}],"author":[{"embeddable":true,"href":"http:\/\/staging.ibermusicas.org\/index.php\/wp-json\/wp\/v2\/users\/7"}],"replies":[{"embeddable":true,"href":"http:\/\/staging.ibermusicas.org\/index.php\/wp-json\/wp\/v2\/comments?post=15777"}],"version-history":[{"count":1,"href":"http:\/\/staging.ibermusicas.org\/index.php\/wp-json\/wp\/v2\/posts\/15777\/revisions"}],"predecessor-version":[{"id":15779,"href":"http:\/\/staging.ibermusicas.org\/index.php\/wp-json\/wp\/v2\/posts\/15777\/revisions\/15779"}],"wp:featuredmedia":[{"embeddable":true,"href":"http:\/\/staging.ibermusicas.org\/index.php\/wp-json\/wp\/v2\/media\/15778"}],"wp:attachment":[{"href":"http:\/\/staging.ibermusicas.org\/index.php\/wp-json\/wp\/v2\/media?parent=15777"}],"wp:term":[{"taxonomy":"category","embeddable":true,"href":"http:\/\/staging.ibermusicas.org\/index.php\/wp-json\/wp\/v2\/categories?post=15777"},{"taxonomy":"post_tag","embeddable":true,"href":"http:\/\/staging.ibermusicas.org\/index.php\/wp-json\/wp\/v2\/tags?post=15777"}],"curies":[{"name":"wp","href":"https:\/\/api.w.org\/{rel}","templated":true}]}}