{"id":15780,"date":"2023-06-02T00:35:33","date_gmt":"2023-06-02T00:35:33","guid":{"rendered":"http:\/\/staging.ibermusicas.org\/?p=15780"},"modified":"2023-06-29T13:08:27","modified_gmt":"2023-06-29T13:08:27","slug":"o-ensamble-a-tempo-do-mexico-realizara-dois-concertos-nos-quais-serao-estreadas-obras-de-sebastian-quesada-e-victor-marquez-barrios","status":"publish","type":"post","link":"http:\/\/staging.ibermusicas.org\/index.php\/o-ensamble-a-tempo-do-mexico-realizara-dois-concertos-nos-quais-serao-estreadas-obras-de-sebastian-quesada-e-victor-marquez-barrios\/","title":{"rendered":"O Ensamble A Tempo do M\u00e9xico realizar\u00e1 dois concertos nos quais ser\u00e3o estreadas obras de Sebastian Quesada e Victor Marquez Barrios"},"content":{"rendered":"<p>No \u00e2mbito da Ajuda de Iberm\u00fasicas o Ensamble A Tempo realizar\u00e1 dois concertos em que estrear\u00e1 obras especialmente criadas para este ensamble no \u00e2mbito de uma bolsa concedida pelo Iberm\u00fasicas. As obras s\u00e3o \u00ab&#8230;Sue\u00f1o con Alas de Vidrio\u00bb de Sebastian Quesada (Costa Rica) e \u00abEl Pikiriko\u00bb de Victor Marquez Barrios (Venezuela).<\/p>\n<p>&nbsp;<\/p>\n<p>Ensamble A Tempo \u00e9 um grupo de m\u00fasica contempor\u00e2nea composto por artistas sediados em Le\u00f3n, Guanajuato. O ensamble, ap\u00f3s uma d\u00e9cada de atividade, tem como objectivo a divulga\u00e7\u00e3o de nova m\u00fasica de compositores mexicanos, tendo tamb\u00e9m no seu repert\u00f3rio pe\u00e7as origin\u00e1rias de outros pa\u00edses.<\/p>\n<p>&nbsp;<\/p>\n<p>O ensemble j\u00e1 se apresentou nos principais palcos de m\u00fasica contempor\u00e2nea do pa\u00eds, incluindo o Festival Internacional Cervantino, o Festival Internacional de Arte Contempor\u00e1neo en Le\u00f3n, o Festival ExNihilo, o Festival ExNihilo e o WhiteNoise.Fest, entre outros.<\/p>\n<p>&nbsp;<\/p>\n<p>O ensemble \u00e9 composto por Arantxa Carr\u00e9 &#8211; Flauta, Alejandro Alc\u00e1zar &#8211; Obo\u00e9, Jalil Ram\u00edrez &#8211; Clarinete, Cristian Cruz &#8211; Fagote, Luis Flores &#8211; Trompete, Ulises Hern\u00e1ndez &#8211; Piano, Rafael Melgar &#8211; Violino, Roberto Torres &#8211; Viola, David Rizo &#8211; Violoncelo, Jos\u00e9 Nicasio &#8211; Contrabaixo e Enrique Eskeda &#8211; Maestro.<\/p>\n<p>&nbsp;<\/p>\n<p>O compositor e guitarrista venezuelano Victor M\u00e1rquez Barrios tem um extenso cat\u00e1logo de obras que inclui composi\u00e7\u00f5es para v\u00e1rios instrumentos solistas, numerosos conjuntos de c\u00e2mara, meios eletr\u00f4nicos, coro misto e orquestra sinf\u00f3nica. A sua m\u00fasica foi estreada, publicada e gravada por importantes solistas e grupos na Am\u00e9rica Latina, Europa e Estados Unidos, como o flautista Luis Julio Toro, o Ensamble enCayapa, o H2 Quartet e o duo Montes-Kircher, entre outros. Como compositor, joga com a ideia de esbater a linha divis\u00f3ria entre a m\u00fasica \u00abpopular\u00bb e a \u00abcl\u00e1ssica\u00bb. Uma fronteira desnecess\u00e1ria, inexistente na sua imagina\u00e7\u00e3o.<\/p>\n<p>&nbsp;<\/p>\n<p>Sebasti\u00e1n Quesada \u00e9 um compositor costa-riquenho formado pela Universidade da Costa Rica, vencedor do primeiro lugar no concurso Barbara Wagner. Estudou com grandes compositores como Ricardo Lorens, Charles Gran, Carlos Castro e Luis Jos\u00e9 Guerra. Estabeleceu-se recentemente em Michigan, EUA. Como compositor de m\u00fasica acad\u00e9mica interessa-se por explorar a condi\u00e7\u00e3o amb\u00edgua e subjectiva da m\u00fasica para sugerir imagens particulares, recorrendo a uma mistura de diferentes g\u00e9neros e processos. As suas pe\u00e7as tentam abordar narrativas musicais relacionadas com a forma como n\u00f3s, enquanto entidades sociais, percepcionamos o que nos rodeia.<\/p>\n<p>&nbsp;<\/p>\n<p>S\u00e1bado, 3 de Junho, 19:00 h, concerto presencial \u00abM\u00e9xico Iberoamericano\u00bb, Centro Cultural Casa Cuatro, Guanajuato, M\u00e9xico.<\/p>\n<p>&nbsp;<\/p>\n<p>Quarta-feira 7 de Junho 19:00 h, concerto virtual \u00abM\u00e9xico Iberoamericano\u00bb em:<\/p>\n<p><a href=\"https:\/\/www.facebook.com\/ATempoEnsamble\">https:\/\/www.facebook.com\/ATempoEnsamble<\/a><\/p>\n<p><a href=\"https:\/\/www.youtube.com\/ATempoEnsamble\">https:\/\/www.youtube.com\/ATempoEnsamble<\/a><\/p>\n","protected":false},"excerpt":{"rendered":"<p>No \u00e2mbito da Ajuda de Iberm\u00fasicas o Ensamble A Tempo realizar\u00e1 dois concertos em que estrear\u00e1 obras especialmente criadas para este ensamble no \u00e2mbito de uma bolsa concedida pelo Iberm\u00fasicas. As obras s\u00e3o \u00ab&#8230;Sue\u00f1o con Alas de Vidrio\u00bb de Sebastian Quesada (Costa Rica) e \u00abEl Pikiriko\u00bb de Victor Marquez Barrios (Venezuela). &nbsp; Ensamble A Tempo [&hellip;]<\/p>\n","protected":false},"author":7,"featured_media":15778,"comment_status":"closed","ping_status":"closed","sticky":false,"template":"","format":"standard","meta":{"footnotes":""},"categories":[218],"tags":[],"class_list":["post-15780","post","type-post","status-publish","format-standard","has-post-thumbnail","hentry","category-noticias-generales-pt"],"lang":"pt","translations":{"pt":15780,"es":15777},"pll_sync_post":[],"post_mailing_queue_ids":[],"_links":{"self":[{"href":"http:\/\/staging.ibermusicas.org\/index.php\/wp-json\/wp\/v2\/posts\/15780","targetHints":{"allow":["GET"]}}],"collection":[{"href":"http:\/\/staging.ibermusicas.org\/index.php\/wp-json\/wp\/v2\/posts"}],"about":[{"href":"http:\/\/staging.ibermusicas.org\/index.php\/wp-json\/wp\/v2\/types\/post"}],"author":[{"embeddable":true,"href":"http:\/\/staging.ibermusicas.org\/index.php\/wp-json\/wp\/v2\/users\/7"}],"replies":[{"embeddable":true,"href":"http:\/\/staging.ibermusicas.org\/index.php\/wp-json\/wp\/v2\/comments?post=15780"}],"version-history":[{"count":1,"href":"http:\/\/staging.ibermusicas.org\/index.php\/wp-json\/wp\/v2\/posts\/15780\/revisions"}],"predecessor-version":[{"id":15781,"href":"http:\/\/staging.ibermusicas.org\/index.php\/wp-json\/wp\/v2\/posts\/15780\/revisions\/15781"}],"wp:featuredmedia":[{"embeddable":true,"href":"http:\/\/staging.ibermusicas.org\/index.php\/wp-json\/wp\/v2\/media\/15778"}],"wp:attachment":[{"href":"http:\/\/staging.ibermusicas.org\/index.php\/wp-json\/wp\/v2\/media?parent=15780"}],"wp:term":[{"taxonomy":"category","embeddable":true,"href":"http:\/\/staging.ibermusicas.org\/index.php\/wp-json\/wp\/v2\/categories?post=15780"},{"taxonomy":"post_tag","embeddable":true,"href":"http:\/\/staging.ibermusicas.org\/index.php\/wp-json\/wp\/v2\/tags?post=15780"}],"curies":[{"name":"wp","href":"https:\/\/api.w.org\/{rel}","templated":true}]}}