{"id":15793,"date":"2023-06-02T14:40:30","date_gmt":"2023-06-02T14:40:30","guid":{"rendered":"http:\/\/staging.ibermusicas.org\/?p=15793"},"modified":"2023-06-02T14:40:30","modified_gmt":"2023-06-02T14:40:30","slug":"la-banda-tropical-peruana-olaya-sound-system-realizara-su-primera-gira-por-mexico","status":"publish","type":"post","link":"http:\/\/staging.ibermusicas.org\/index.php\/la-banda-tropical-peruana-olaya-sound-system-realizara-su-primera-gira-por-mexico\/","title":{"rendered":"La banda tropical peruana Olaya Sound System realizar\u00e1 su primera gira por M\u00e9xico"},"content":{"rendered":"<p>Los Olaya estar\u00e1n pisando por primera vez tierras aztecas, llevando su interesante fusi\u00f3n de cumbia peruana-andina y su mensaje de conciencia y unidad a uno de los mercados musicales m\u00e1s importantes del mundo. La gira de Olaya Sound System cuenta con el apoyo de Iberm\u00fasicas mediante las Ayudas a la Circulaci\u00f3n Iberoamericana.<\/p>\n<p>&nbsp;<\/p>\n<p>Olaya Sound System es un grupo de m\u00fasica de Lima, Per\u00fa, cultivadores de un estilo musical tropical muy particular que integra g\u00e9neros diversos como cumbia peruana, reggae, huayno, festejo y chicha. La banda es portadora de un mensaje positivo de conciencia individual, colectiva y ecol\u00f3gica que se percibe muy notablemente en las tem\u00e1ticas de sus canciones. A lo largo de su carrera de m\u00e1s de 13 a\u00f1os, han publicado 6 discos: Nadar en el Cemento (2010), Nuestra Casa (2012), Qui\u00e9n es Qui\u00e9n (2015), M\u00fasica del Mar (2017), Olaya en Vivo (2019) y La Tierra Baila (2021); y los m\u00e1s recientes sencillos \u201cEl Poder de la Cumbia\u201d y \u201cFlores Traigo\u201d, ambos del 2022.<\/p>\n<p>&nbsp;<\/p>\n<p>Olaya Sound System se fund\u00f3 en el distrito de Chorrillos en Lima, en el a\u00f1o 2009. Ese mismo a\u00f1o el grupo empieza a tocar sus primeras composiciones como \u201cM\u00fasica Visceral\u201d, \u201cLos Olaya\u201d, \u201cLa Peste\u201d y \u201cEl Sol\u201d en diversas fiestas y conciertos en la ciudad de Lima, especialmente en los distritos Barranco y Chorrillos. En el 2010 lanzan su disco debut \u00abNadar en el Cemento\u00bb (Descabellado 2010), con muy buena aceptaci\u00f3n del p\u00fablico.<\/p>\n<p>&nbsp;<\/p>\n<p>Desde sus inicios tuvieron claro el nombre, era la avenida Olaya en Chorrillos el punto de encuentro para los primeros ensayos, as\u00ed como la referencia al m\u00e1rtir peruano Jos\u00e9 Olaya, \u201cel que llevaba mensajes\u201d, heroico pescador que sirvi\u00f3 como mensajero secreto en la causa independentista, puesto que las letras de sus canciones contienen mensajes positivos y de aliento, pero tambi\u00e9n de protesta social.<\/p>\n<p>&nbsp;<\/p>\n<p>&nbsp;<\/p>\n<p>Domingo 4 de junio en \u201cLas Peceras\u201d, Ciudad de M\u00e9xico<\/p>\n<p>https:\/\/www.facebook.com\/olayasoundsystem<\/p>\n","protected":false},"excerpt":{"rendered":"<p>Los Olaya estar\u00e1n pisando por primera vez tierras aztecas, llevando su interesante fusi\u00f3n de cumbia peruana-andina y su mensaje de conciencia y unidad a uno de los mercados musicales m\u00e1s importantes del mundo. La gira de Olaya Sound System cuenta con el apoyo de Iberm\u00fasicas mediante las Ayudas a la Circulaci\u00f3n Iberoamericana. &nbsp; Olaya Sound [&hellip;]<\/p>\n","protected":false},"author":7,"featured_media":15794,"comment_status":"closed","ping_status":"closed","sticky":false,"template":"","format":"standard","meta":{"footnotes":""},"categories":[53],"tags":[],"class_list":["post-15793","post","type-post","status-publish","format-standard","has-post-thumbnail","hentry","category-noticias-generales"],"lang":"es","translations":{"es":15793,"pt":15796},"pll_sync_post":[],"post_mailing_queue_ids":[],"_links":{"self":[{"href":"http:\/\/staging.ibermusicas.org\/index.php\/wp-json\/wp\/v2\/posts\/15793","targetHints":{"allow":["GET"]}}],"collection":[{"href":"http:\/\/staging.ibermusicas.org\/index.php\/wp-json\/wp\/v2\/posts"}],"about":[{"href":"http:\/\/staging.ibermusicas.org\/index.php\/wp-json\/wp\/v2\/types\/post"}],"author":[{"embeddable":true,"href":"http:\/\/staging.ibermusicas.org\/index.php\/wp-json\/wp\/v2\/users\/7"}],"replies":[{"embeddable":true,"href":"http:\/\/staging.ibermusicas.org\/index.php\/wp-json\/wp\/v2\/comments?post=15793"}],"version-history":[{"count":1,"href":"http:\/\/staging.ibermusicas.org\/index.php\/wp-json\/wp\/v2\/posts\/15793\/revisions"}],"predecessor-version":[{"id":15795,"href":"http:\/\/staging.ibermusicas.org\/index.php\/wp-json\/wp\/v2\/posts\/15793\/revisions\/15795"}],"wp:featuredmedia":[{"embeddable":true,"href":"http:\/\/staging.ibermusicas.org\/index.php\/wp-json\/wp\/v2\/media\/15794"}],"wp:attachment":[{"href":"http:\/\/staging.ibermusicas.org\/index.php\/wp-json\/wp\/v2\/media?parent=15793"}],"wp:term":[{"taxonomy":"category","embeddable":true,"href":"http:\/\/staging.ibermusicas.org\/index.php\/wp-json\/wp\/v2\/categories?post=15793"},{"taxonomy":"post_tag","embeddable":true,"href":"http:\/\/staging.ibermusicas.org\/index.php\/wp-json\/wp\/v2\/tags?post=15793"}],"curies":[{"name":"wp","href":"https:\/\/api.w.org\/{rel}","templated":true}]}}