{"id":15796,"date":"2023-06-02T14:41:55","date_gmt":"2023-06-02T14:41:55","guid":{"rendered":"http:\/\/staging.ibermusicas.org\/?p=15796"},"modified":"2023-06-02T14:41:55","modified_gmt":"2023-06-02T14:41:55","slug":"a-banda-tropical-peruana-olaya-sound-system-fara-a-sua-primeira-digressao-pelo-mexico","status":"publish","type":"post","link":"http:\/\/staging.ibermusicas.org\/index.php\/a-banda-tropical-peruana-olaya-sound-system-fara-a-sua-primeira-digressao-pelo-mexico\/","title":{"rendered":"A banda tropical peruana Olaya Sound System far\u00e1 a sua primeira digress\u00e3o pelo M\u00e9xico"},"content":{"rendered":"<p>Os Olaya v\u00e3o fazer a sua primeira digress\u00e3o pelo M\u00e9xico, levando a sua interessante fus\u00e3o de cumbia peruano-andina e a sua mensagem de consci\u00eancia e unidade a um dos mercados musicais mais importantes do mundo. A digress\u00e3o de Olaya Sound System conta com o apoio do Programa Iberm\u00fasicas atrav\u00e9s das Ajudas \u00e0 Circula\u00e7\u00e3o Ibero-Americana.<\/p>\n<p>&nbsp;<\/p>\n<p>Olaya Sound System \u00e9 um grupo musical de Lima, Peru, cultivador de um estilo musical tropical muito particular que integra diversos g\u00e9neros como a cumbia peruana, o reggae, o huayno, o festejo e a chicha. A banda transmite uma mensagem positiva de consci\u00eancia individual, colectiva e ecol\u00f3gica, bem patente nos temas das suas can\u00e7\u00f5es. Ao longo de sua carreira de mais de 13 anos, eles lan\u00e7aram 6 \u00e1lbuns: Nadar en el Cemento (2010), Nuestra Casa (2012), Qui\u00e9n es Qui\u00e9n (2015), M\u00fasica del Mar (2017), Olaya en Vivo (2019) e La Tierra Baila (2021); e os singles mais recentes \u00abEl Poder de la Cumbia\u00bb e \u00abFlores Traigo\u00bb, ambos de 2022.<\/p>\n<p>&nbsp;<\/p>\n<p>O Olaya Sound System foi fundado no bairro de Chorrillos, em Lima, em 2009. Nesse mesmo ano, o grupo come\u00e7ou a tocar as suas primeiras composi\u00e7\u00f5es como \u00abM\u00fasica Visceral\u00bb, \u00abLos Olaya\u00bb, \u00abLa Peste\u00bb e \u00abEl Sol\u00bb em v\u00e1rias festas e concertos na cidade de Lima, especialmente nos distritos de Barranco e Chorrillos. Em 2010 lan\u00e7aram o seu primeiro \u00e1lbum \u00abNadar en el Cemento\u00bb (Descabellado 2010), que foi muito bem recebido pelo p\u00fablico.<\/p>\n<p>&nbsp;<\/p>\n<p>Desde o in\u00edcio tiveram um nome claro, a Avenida Olaya em Chorrillos foi o ponto de encontro para os primeiros ensaios, bem como a refer\u00eancia ao m\u00e1rtir peruano Jos\u00e9 Olaya, \u00abo que levava mensagens\u00bb, pescador her\u00f3ico que serviu como mensageiro secreto na causa da independ\u00eancia, uma vez que as letras das suas can\u00e7\u00f5es cont\u00eam mensagens positivas e de encorajamento, mas tamb\u00e9m de protesto social.<\/p>\n<p>Domingo, 4 de Junho, em \u00abLas Peceras\u00bb, Cidade do M\u00e9xico<\/p>\n<p>https:\/\/www.facebook.com\/olayasoundsystem<\/p>\n","protected":false},"excerpt":{"rendered":"<p>Os Olaya v\u00e3o fazer a sua primeira digress\u00e3o pelo M\u00e9xico, levando a sua interessante fus\u00e3o de cumbia peruano-andina e a sua mensagem de consci\u00eancia e unidade a um dos mercados musicais mais importantes do mundo. A digress\u00e3o de Olaya Sound System conta com o apoio do Programa Iberm\u00fasicas atrav\u00e9s das Ajudas \u00e0 Circula\u00e7\u00e3o Ibero-Americana. &nbsp; [&hellip;]<\/p>\n","protected":false},"author":7,"featured_media":15794,"comment_status":"closed","ping_status":"closed","sticky":false,"template":"","format":"standard","meta":{"footnotes":""},"categories":[218],"tags":[],"class_list":["post-15796","post","type-post","status-publish","format-standard","has-post-thumbnail","hentry","category-noticias-generales-pt"],"lang":"pt","translations":{"pt":15796,"es":15793},"pll_sync_post":[],"post_mailing_queue_ids":[],"_links":{"self":[{"href":"http:\/\/staging.ibermusicas.org\/index.php\/wp-json\/wp\/v2\/posts\/15796","targetHints":{"allow":["GET"]}}],"collection":[{"href":"http:\/\/staging.ibermusicas.org\/index.php\/wp-json\/wp\/v2\/posts"}],"about":[{"href":"http:\/\/staging.ibermusicas.org\/index.php\/wp-json\/wp\/v2\/types\/post"}],"author":[{"embeddable":true,"href":"http:\/\/staging.ibermusicas.org\/index.php\/wp-json\/wp\/v2\/users\/7"}],"replies":[{"embeddable":true,"href":"http:\/\/staging.ibermusicas.org\/index.php\/wp-json\/wp\/v2\/comments?post=15796"}],"version-history":[{"count":1,"href":"http:\/\/staging.ibermusicas.org\/index.php\/wp-json\/wp\/v2\/posts\/15796\/revisions"}],"predecessor-version":[{"id":15797,"href":"http:\/\/staging.ibermusicas.org\/index.php\/wp-json\/wp\/v2\/posts\/15796\/revisions\/15797"}],"wp:featuredmedia":[{"embeddable":true,"href":"http:\/\/staging.ibermusicas.org\/index.php\/wp-json\/wp\/v2\/media\/15794"}],"wp:attachment":[{"href":"http:\/\/staging.ibermusicas.org\/index.php\/wp-json\/wp\/v2\/media?parent=15796"}],"wp:term":[{"taxonomy":"category","embeddable":true,"href":"http:\/\/staging.ibermusicas.org\/index.php\/wp-json\/wp\/v2\/categories?post=15796"},{"taxonomy":"post_tag","embeddable":true,"href":"http:\/\/staging.ibermusicas.org\/index.php\/wp-json\/wp\/v2\/tags?post=15796"}],"curies":[{"name":"wp","href":"https:\/\/api.w.org\/{rel}","templated":true}]}}