{"id":15798,"date":"2023-06-02T14:44:05","date_gmt":"2023-06-02T14:44:05","guid":{"rendered":"http:\/\/staging.ibermusicas.org\/?p=15798"},"modified":"2023-06-29T12:50:57","modified_gmt":"2023-06-29T12:50:57","slug":"el-artista-mexicano-alfredo-sanchez-de-la-luz-presenta-fantasmata-entre-la-memoria-intermitente-y-el-acontecer-impredecible-del-movimiento","status":"publish","type":"post","link":"http:\/\/staging.ibermusicas.org\/index.php\/el-artista-mexicano-alfredo-sanchez-de-la-luz-presenta-fantasmata-entre-la-memoria-intermitente-y-el-acontecer-impredecible-del-movimiento\/","title":{"rendered":"El artista mexicano Alfredo S\u00e1nchez de la Luz presenta Fantasmata: entre la memoria intermitente y el acontecer impredecible del movimiento"},"content":{"rendered":"<p>Alfredo S\u00e1nchez de la Luz es un artista interdisciplinario originario de M\u00e9xico. Su trabajo est\u00e9tico gira, principalmente, en torno a la m\u00fasica con medios electr\u00f3nicos y a la fotograf\u00eda, donde sus campos de mayor inter\u00e9s se han desarrollado desde obras con medios electr\u00f3nicos en sistema multicanal, instalaciones audiovisuales, performaces y diversos proyectos interdisciplinarios que incluyen autorretratos.<\/p>\n<p>&nbsp;<\/p>\n<p>Los temas que trabaja son referentes a la est\u00e9tica del cuerpo humano, cuyo discurso apuntala a problematizar aspectos como la man\u00eda, la memoria y la violencia a trav\u00e9s del cuerpo.<\/p>\n<p>&nbsp;<\/p>\n<p>Su repertorio musical incluye obras instrumentales, acusm\u00e1ticas, mixtas, electr\u00f3nica en vivo, instalaciones y performance. Sus composiciones se han presentado en diversos recintos y festivales de M\u00e9xico: Centro Multimedia, Fonoteca Nacional, Ollin Yoliztli, Bellas Artes, Plaza Legorreta CNA, Blas Galindo, Centro de las Artes de San Luis Potos\u00ed, Festival Internacional Cervantino, Festival Ecos Urbanos, Media Mix Fest, Foro Internacional de M\u00fasica Nueva, entre otros.<\/p>\n<p>&nbsp;<\/p>\n<p>Fantasmata es la creaci\u00f3n de dos piezas musicales con medios electr\u00f3nicos y un ensayo que reflexiona en torno al concepto de fantasmata desarrollado por Giorgio Agamben y sus posibles implicaciones con las dos obras musicales mencionadas. Las piezas y el ensayo se desarrollar\u00e1n dentro del Postgrado en Creaci\u00f3n Sonora de la Universitat de Barcelona que se imparte entre los meses de febrero y junio. El mencionado Postgrado es realizado con el apoyo de Iberm\u00fasicas mediante las Ayudas a la especializaci\u00f3n y el perfeccionamiento art\u00edstico y t\u00e9cnico del sector musical.<\/p>\n<p>&nbsp;<\/p>\n<p>&nbsp;<\/p>\n<p>Martes 6 de junio, 19 h, El Hangar, c\/Emilia Coranty 16, Barcelona, Espa\u00f1a<\/p>\n","protected":false},"excerpt":{"rendered":"<p>Alfredo S\u00e1nchez de la Luz es un artista interdisciplinario originario de M\u00e9xico. Su trabajo est\u00e9tico gira, principalmente, en torno a la m\u00fasica con medios electr\u00f3nicos y a la fotograf\u00eda, donde sus campos de mayor inter\u00e9s se han desarrollado desde obras con medios electr\u00f3nicos en sistema multicanal, instalaciones audiovisuales, performaces y diversos proyectos interdisciplinarios que incluyen [&hellip;]<\/p>\n","protected":false},"author":7,"featured_media":15799,"comment_status":"closed","ping_status":"closed","sticky":false,"template":"","format":"standard","meta":{"footnotes":""},"categories":[53],"tags":[],"class_list":["post-15798","post","type-post","status-publish","format-standard","has-post-thumbnail","hentry","category-noticias-generales"],"lang":"es","translations":{"es":15798,"pt":15801},"pll_sync_post":[],"post_mailing_queue_ids":[],"_links":{"self":[{"href":"http:\/\/staging.ibermusicas.org\/index.php\/wp-json\/wp\/v2\/posts\/15798","targetHints":{"allow":["GET"]}}],"collection":[{"href":"http:\/\/staging.ibermusicas.org\/index.php\/wp-json\/wp\/v2\/posts"}],"about":[{"href":"http:\/\/staging.ibermusicas.org\/index.php\/wp-json\/wp\/v2\/types\/post"}],"author":[{"embeddable":true,"href":"http:\/\/staging.ibermusicas.org\/index.php\/wp-json\/wp\/v2\/users\/7"}],"replies":[{"embeddable":true,"href":"http:\/\/staging.ibermusicas.org\/index.php\/wp-json\/wp\/v2\/comments?post=15798"}],"version-history":[{"count":1,"href":"http:\/\/staging.ibermusicas.org\/index.php\/wp-json\/wp\/v2\/posts\/15798\/revisions"}],"predecessor-version":[{"id":15800,"href":"http:\/\/staging.ibermusicas.org\/index.php\/wp-json\/wp\/v2\/posts\/15798\/revisions\/15800"}],"wp:featuredmedia":[{"embeddable":true,"href":"http:\/\/staging.ibermusicas.org\/index.php\/wp-json\/wp\/v2\/media\/15799"}],"wp:attachment":[{"href":"http:\/\/staging.ibermusicas.org\/index.php\/wp-json\/wp\/v2\/media?parent=15798"}],"wp:term":[{"taxonomy":"category","embeddable":true,"href":"http:\/\/staging.ibermusicas.org\/index.php\/wp-json\/wp\/v2\/categories?post=15798"},{"taxonomy":"post_tag","embeddable":true,"href":"http:\/\/staging.ibermusicas.org\/index.php\/wp-json\/wp\/v2\/tags?post=15798"}],"curies":[{"name":"wp","href":"https:\/\/api.w.org\/{rel}","templated":true}]}}