{"id":15801,"date":"2023-06-02T14:45:07","date_gmt":"2023-06-02T14:45:07","guid":{"rendered":"http:\/\/staging.ibermusicas.org\/?p=15801"},"modified":"2023-06-29T13:08:21","modified_gmt":"2023-06-29T13:08:21","slug":"o-artista-mexicano-alfredo-sanchez-de-la-luz-apresenta-fantasmata-entre-a-memoria-intermitente-e-o-imprevisivel-acontecer-do-movimento","status":"publish","type":"post","link":"http:\/\/staging.ibermusicas.org\/index.php\/o-artista-mexicano-alfredo-sanchez-de-la-luz-apresenta-fantasmata-entre-a-memoria-intermitente-e-o-imprevisivel-acontecer-do-movimento\/","title":{"rendered":"O artista mexicano Alfredo S\u00e1nchez de la Luz apresenta Fantasmata: entre a mem\u00f3ria intermitente e o imprevis\u00edvel acontecer do movimento"},"content":{"rendered":"<p>Alfredo S\u00e1nchez de la Luz \u00e9 um artista interdisciplinar do M\u00e9xico. O seu trabalho est\u00e9tico gira principalmente em torno da m\u00fasica com meios electr\u00f3nicos e da fotografia, onde os seus principais campos de interesse se desenvolveram a partir de trabalhos com meios electr\u00f3nicos num sistema multicanal, instala\u00e7\u00f5es audiovisuais, performances e v\u00e1rios projectos interdisciplinares que incluem auto-retratos.<\/p>\n<p>&nbsp;<\/p>\n<p>As tem\u00e1ticas que trabalha est\u00e3o relacionadas com a est\u00e9tica do corpo humano, cujo discurso pretende problematizar aspectos como a mania, a mem\u00f3ria e a viol\u00eancia atrav\u00e9s do corpo.<\/p>\n<p>&nbsp;<\/p>\n<p>O seu repert\u00f3rio musical inclui obras instrumentais, acusm\u00e1ticas, mistas, live electronic, instala\u00e7\u00e3o e performance. As suas composi\u00e7\u00f5es t\u00eam sido apresentadas em v\u00e1rios locais e festivais no M\u00e9xico: Centro Multimedia, Fonoteca Nacional, Ollin Yoliztli, Bellas Artes, Plaza Legorreta CNA, Blas Galindo, Centro de las Artes de San Luis Potos\u00ed, Festival Internacional Cervantino, Festival Ecos Urbanos, Media Mix Fest, Foro Internacional de M\u00fasica Nueva, entre outros.<\/p>\n<p>&nbsp;<\/p>\n<p>Fantasmata \u00e9 a cria\u00e7\u00e3o de duas pe\u00e7as musicais com meios eletr\u00f4nicos e um ensaio que reflete sobre o conceito de fantasmata desenvolvido por Giorgio Agamben e as suas poss\u00edveis implica\u00e7\u00f5es para as duas obras musicais acima mencionadas. As pe\u00e7as e o ensaio ser\u00e3o desenvolvidos no \u00e2mbito do Curso de P\u00f3s-Gradua\u00e7\u00e3o em Cria\u00e7\u00e3o Sonora da Universitat de Barcelona, que \u00e9 ministrado entre fevereiro e junho. Este curso de p\u00f3s-gradua\u00e7\u00e3o \u00e9 realizado com o apoio do Iberm\u00fasicas atrav\u00e9s das Ajudas \u00e0 especializa\u00e7\u00e3o e ao aperfei\u00e7oamento art\u00edstico e t\u00e9cnico do sector musical.<\/p>\n<p>&nbsp;<\/p>\n<p>Ter\u00e7a-feira, 6 de Junho, 19h00, El Hangar, c\/Emilia Coranty 16, Barcelona, Espanha<\/p>\n","protected":false},"excerpt":{"rendered":"<p>Alfredo S\u00e1nchez de la Luz \u00e9 um artista interdisciplinar do M\u00e9xico. O seu trabalho est\u00e9tico gira principalmente em torno da m\u00fasica com meios electr\u00f3nicos e da fotografia, onde os seus principais campos de interesse se desenvolveram a partir de trabalhos com meios electr\u00f3nicos num sistema multicanal, instala\u00e7\u00f5es audiovisuais, performances e v\u00e1rios projectos interdisciplinares que incluem [&hellip;]<\/p>\n","protected":false},"author":7,"featured_media":15799,"comment_status":"closed","ping_status":"closed","sticky":false,"template":"","format":"standard","meta":{"footnotes":""},"categories":[218],"tags":[],"class_list":["post-15801","post","type-post","status-publish","format-standard","has-post-thumbnail","hentry","category-noticias-generales-pt"],"lang":"pt","translations":{"pt":15801,"es":15798},"pll_sync_post":[],"post_mailing_queue_ids":[],"_links":{"self":[{"href":"http:\/\/staging.ibermusicas.org\/index.php\/wp-json\/wp\/v2\/posts\/15801","targetHints":{"allow":["GET"]}}],"collection":[{"href":"http:\/\/staging.ibermusicas.org\/index.php\/wp-json\/wp\/v2\/posts"}],"about":[{"href":"http:\/\/staging.ibermusicas.org\/index.php\/wp-json\/wp\/v2\/types\/post"}],"author":[{"embeddable":true,"href":"http:\/\/staging.ibermusicas.org\/index.php\/wp-json\/wp\/v2\/users\/7"}],"replies":[{"embeddable":true,"href":"http:\/\/staging.ibermusicas.org\/index.php\/wp-json\/wp\/v2\/comments?post=15801"}],"version-history":[{"count":2,"href":"http:\/\/staging.ibermusicas.org\/index.php\/wp-json\/wp\/v2\/posts\/15801\/revisions"}],"predecessor-version":[{"id":15803,"href":"http:\/\/staging.ibermusicas.org\/index.php\/wp-json\/wp\/v2\/posts\/15801\/revisions\/15803"}],"wp:featuredmedia":[{"embeddable":true,"href":"http:\/\/staging.ibermusicas.org\/index.php\/wp-json\/wp\/v2\/media\/15799"}],"wp:attachment":[{"href":"http:\/\/staging.ibermusicas.org\/index.php\/wp-json\/wp\/v2\/media?parent=15801"}],"wp:term":[{"taxonomy":"category","embeddable":true,"href":"http:\/\/staging.ibermusicas.org\/index.php\/wp-json\/wp\/v2\/categories?post=15801"},{"taxonomy":"post_tag","embeddable":true,"href":"http:\/\/staging.ibermusicas.org\/index.php\/wp-json\/wp\/v2\/tags?post=15801"}],"curies":[{"name":"wp","href":"https:\/\/api.w.org\/{rel}","templated":true}]}}