{"id":15804,"date":"2023-06-02T14:46:57","date_gmt":"2023-06-02T14:46:57","guid":{"rendered":"http:\/\/staging.ibermusicas.org\/?p=15804"},"modified":"2023-06-29T12:50:48","modified_gmt":"2023-06-29T12:50:48","slug":"el-musico-mexicano-ikbalam-lleva-a-barcelona-su-propuesta-de-son-jarocho","status":"publish","type":"post","link":"http:\/\/staging.ibermusicas.org\/index.php\/el-musico-mexicano-ikbalam-lleva-a-barcelona-su-propuesta-de-son-jarocho\/","title":{"rendered":"El m\u00fasico mexicano Ik\u2019Balam lleva a Barcelona su propuesta de Son Jarocho"},"content":{"rendered":"<p>El proyecto musical de Ik\u2019Balam se presentar\u00e1 en Barcelona, Espa\u00f1a, realizando actividades en los espacios de Can Batll\u00f3 y Casa Am\u00e8rica Catalunya. El m\u00fasico mexicano Ik\u2019Balam protagoniza un concierto en el que el requinto jarocho (instrumento propio de Veracruz, M\u00e9xico), adquiere una dimensi\u00f3n distinta.<\/p>\n<p>&nbsp;<\/p>\n<p>El int\u00e9rprete es toda una autoridad en este instrumento, hist\u00f3ricamente relegado al mundo de la m\u00fasica tradicional. En manos de Ik\u2019Balam, el requinto jarocho se impregna de una atm\u00f3sfera especial al incorporarlo en el contexto de las sonoridades propias del jazz. Tambi\u00e9n son parte de la propuesta Helio Mart\u00edn del Campo en la jarana (instrumento de cuerda rasgada) y Juan Galv\u00e1n en la leona (instrumento que realiza la funci\u00f3n del bajo).<\/p>\n<p>&nbsp;<\/p>\n<p>El proyecto de Ik\u2019Balam ha sido ganador de las Ayudas al sector musical para la circulaci\u00f3n iberoamericana del Programa Iberm\u00fasicas.<\/p>\n<p>&nbsp;<\/p>\n<p>Ik\u2019Balam Moyr\u00f3n Castillo, Tlalnelhuayocan, Veracruz, (1994). M\u00fasico, compositor y escritor, es el primero en cursar un programa acad\u00e9mico con un instrumento tradicional, gradu\u00e1ndose del Centro de Estudios de Jazz de la Universidad Veracruzana y de la maestr\u00eda en Composici\u00f3n y arreglo por la Universidad Tito Puente de Puebla, en ambos casos con el requinto jarocho. Es autor del libro Identidades musicales. Semejanzas entre el jazz y el son jarocho y de los discos Ilusiones, Erosi\u00f3n de la memoria y Tiempo imaginario. Ha presentado su proyecto en festivales nacionales e internacionales de M\u00e9xico y acompa\u00f1ado artistas como Patricio Hidalgo y el Afrojarocho, Solistas de la ONJMX, adem\u00e1s de realizar m\u00fasica para diferentes medios y dar clases particulares de m\u00fasica.<\/p>\n<p>&nbsp;<\/p>\n<p>&nbsp;<\/p>\n<ul>\n<li>5, 6 y 7 de junio, de 16 a 20 h: Taller te\u00f3rico-pr\u00e1ctico en dos partes (1ra parte: Contexto general y musical del son jarocho, 2da parte: Recursos de jazz para instrumentos de son jarocho), Can Batll\u00f3 Constituci\u00f3 19, Barcelona, Espa\u00f1a<\/li>\n<li>8 de junio, 19 h: Presentaci\u00f3n editorial de \u201cIdentidades musicales. Semejanzas entre el jazz y el son jarocho\u201d en Can Batll\u00f3, Constituci\u00f3 19, Barcelona, Espa\u00f1a<\/li>\n<li>9 de junio, 20 h: Concierto en Casa Am\u00e8rica Catalunya, C\u00f2rsega, 299, entres\u00f2l, Barcelona, Espa\u00f1a<\/li>\n<\/ul>\n","protected":false},"excerpt":{"rendered":"<p>El proyecto musical de Ik\u2019Balam se presentar\u00e1 en Barcelona, Espa\u00f1a, realizando actividades en los espacios de Can Batll\u00f3 y Casa Am\u00e8rica Catalunya. El m\u00fasico mexicano Ik\u2019Balam protagoniza un concierto en el que el requinto jarocho (instrumento propio de Veracruz, M\u00e9xico), adquiere una dimensi\u00f3n distinta. &nbsp; El int\u00e9rprete es toda una autoridad en este instrumento, hist\u00f3ricamente [&hellip;]<\/p>\n","protected":false},"author":7,"featured_media":15805,"comment_status":"closed","ping_status":"closed","sticky":false,"template":"","format":"standard","meta":{"footnotes":""},"categories":[53],"tags":[],"class_list":["post-15804","post","type-post","status-publish","format-standard","has-post-thumbnail","hentry","category-noticias-generales"],"lang":"es","translations":{"es":15804,"pt":15807},"pll_sync_post":[],"post_mailing_queue_ids":[],"_links":{"self":[{"href":"http:\/\/staging.ibermusicas.org\/index.php\/wp-json\/wp\/v2\/posts\/15804","targetHints":{"allow":["GET"]}}],"collection":[{"href":"http:\/\/staging.ibermusicas.org\/index.php\/wp-json\/wp\/v2\/posts"}],"about":[{"href":"http:\/\/staging.ibermusicas.org\/index.php\/wp-json\/wp\/v2\/types\/post"}],"author":[{"embeddable":true,"href":"http:\/\/staging.ibermusicas.org\/index.php\/wp-json\/wp\/v2\/users\/7"}],"replies":[{"embeddable":true,"href":"http:\/\/staging.ibermusicas.org\/index.php\/wp-json\/wp\/v2\/comments?post=15804"}],"version-history":[{"count":1,"href":"http:\/\/staging.ibermusicas.org\/index.php\/wp-json\/wp\/v2\/posts\/15804\/revisions"}],"predecessor-version":[{"id":15806,"href":"http:\/\/staging.ibermusicas.org\/index.php\/wp-json\/wp\/v2\/posts\/15804\/revisions\/15806"}],"wp:featuredmedia":[{"embeddable":true,"href":"http:\/\/staging.ibermusicas.org\/index.php\/wp-json\/wp\/v2\/media\/15805"}],"wp:attachment":[{"href":"http:\/\/staging.ibermusicas.org\/index.php\/wp-json\/wp\/v2\/media?parent=15804"}],"wp:term":[{"taxonomy":"category","embeddable":true,"href":"http:\/\/staging.ibermusicas.org\/index.php\/wp-json\/wp\/v2\/categories?post=15804"},{"taxonomy":"post_tag","embeddable":true,"href":"http:\/\/staging.ibermusicas.org\/index.php\/wp-json\/wp\/v2\/tags?post=15804"}],"curies":[{"name":"wp","href":"https:\/\/api.w.org\/{rel}","templated":true}]}}