{"id":15809,"date":"2023-06-02T14:50:41","date_gmt":"2023-06-02T14:50:41","guid":{"rendered":"http:\/\/staging.ibermusicas.org\/?p=15809"},"modified":"2023-06-29T12:50:43","modified_gmt":"2023-06-29T12:50:43","slug":"la-viola-campanica-portuguesa-y-la-viola-caipiera-brasilena-se-encuentran-en-el-espectaculo-pedro-mestre-canta-los-60-anos-de-chico-lobo","status":"publish","type":"post","link":"http:\/\/staging.ibermusicas.org\/index.php\/la-viola-campanica-portuguesa-y-la-viola-caipiera-brasilena-se-encuentran-en-el-espectaculo-pedro-mestre-canta-los-60-anos-de-chico-lobo\/","title":{"rendered":"La viola campani\u00e7a portuguesa y la viola caipiera brasile\u00f1a se encuentran en el espect\u00e1culo \u00abPedro Mestre canta los 60 a\u00f1os de Chico Lobo\u00bb"},"content":{"rendered":"<p>En celebraci\u00f3n de los 60 a\u00f1os del guitarrista Chico Lobo, el guitarrista portugu\u00e9s Pedro Mestre, acompa\u00f1ado por sus m\u00fasicos lleva al estado de Minas Gerais una vieja historia con el cumplea\u00f1ero, para una circulaci\u00f3n, que forma parte del FESTTO &#8211; Festival Nacional de Teatro de Te\u00f3filo Otoni. El espect\u00e1culo pasar\u00e1 por las ciudades mineras de Paracatu, Minas Novas, Pav\u00e3o, Te\u00f3filo Otoni y Belo Horizonte.<\/p>\n<p>&nbsp;<\/p>\n<p>El recorrido comenzar\u00e1 en Paracatu, en la regi\u00f3n noroeste, luego Minas Novas en el Valle de Jequitinhonha y llegar\u00e1 al FESTTO &#8211; Festival Nacional de Teatro Te\u00f3filo Otoni, en las ciudades de Pav\u00e3o y Te\u00f3filo Otoni en el Valle de Mucuri. La clausura tendr\u00e1 lugar en la capital, Belo Horizonte, donde se celebrar\u00e1 el encuentro final de artistas e invitados. Pedro Mestre, venido directamente de Portugal, subir\u00e1 al escenario para celebrar el encuentro de guitarras portuguesas y brasile\u00f1as conmemorando los 60 a\u00f1os de Chico Lobo.<\/p>\n<p>&nbsp;<\/p>\n<p>El portugu\u00e9s Pedro Mestre ha dedicado su vida a la m\u00fasica tradicional alentejana, desarrollando diversos proyectos en este \u00e1mbito como m\u00fasico, compositor, cantante, int\u00e9rprete de la viola de campani\u00e7a, instrumento que aprendi\u00f3 a tocar con los maestros Manuel Bento y Francisco Ant\u00f3nio. Es coordinador del \u00abCentro de Valoriza\u00e7\u00e3o da Viola Campani\u00e7a\u00bb y del \u00abCante de Improviso\u00bb. Pedro Mestre est\u00e1 considerado hoy uno de los principales artistas portugueses en la difusi\u00f3n de la m\u00fasica tradicional de la viola campani\u00e7a del Alentejo y del Cante Alentejano, patrimonio de la Unesco. Es ganador del Premio Carlos Paredes. Su relaci\u00f3n con Chico Lobo se remonta a 2006.<\/p>\n<p>&nbsp;<\/p>\n<p>El brasile\u00f1o Chico Lobo es guitarrista, compositor y cantante. Naci\u00f3 en S\u00e3o Jo\u00e3o Del Rei (MG) &#8211; ciudad elegida Capital Brasile\u00f1a de la Cultura 2007, cuyo jingle oficial es de su autor\u00eda. Chico Lobo lleva m\u00e1s de 40 a\u00f1os dedicado al rico universo de la viola caipira &#8211; t\u00edpico instrumento de 10 cuerdas. Artista carism\u00e1tico, toca la viola caipira desde los 14 a\u00f1os. La cr\u00edtica lo considera uno de los int\u00e9rpretes de viola m\u00e1s activos y eficaces en el proceso de popularizaci\u00f3n de esta tradici\u00f3n musical en el panorama brasile\u00f1o. Su carrera ya le ha llevado a innumerables escenarios de Brasil y del mundo, como: Canad\u00e1, Chile, China, Colombia, Italia y Portugal.<\/p>\n<p>&nbsp;<\/p>\n<p>Esta gira tiene el apoyo de Iberm\u00fasicas mediante las Ayudas al Sector Musical para la Circulaci\u00f3n Iberoamericana.<\/p>\n<p>&nbsp;<\/p>\n<p>&nbsp;<\/p>\n<ul>\n<li>07 de junio 20h: Casa de la Cultura &#8211; Paracatu, Minas Gerais &#8211; Brasil<\/li>\n<li>09 de junio, 20h: Plaza Dr. Badar\u00f3 &#8211; Minas Novas, Minas Gerais &#8211; Brasil<\/li>\n<li>10 de junio 10h: Feria Cubierta &#8211; Pav\u00e3o, Minas Gerais &#8211; Brasil<\/li>\n<li>10 de junio 20h: Casar\u00e3o da Cultura &#8211; Te\u00f3filo Otoni, Minas Gerais &#8211; Brasil<\/li>\n<li>11 de junio 18h: Cine Theatro Brasil Vallourec &#8211; Belo Horizonte, Minas Gerais &#8211; Brasil<\/li>\n<\/ul>\n<p>&nbsp;<\/p>\n","protected":false},"excerpt":{"rendered":"<p>En celebraci\u00f3n de los 60 a\u00f1os del guitarrista Chico Lobo, el guitarrista portugu\u00e9s Pedro Mestre, acompa\u00f1ado por sus m\u00fasicos lleva al estado de Minas Gerais una vieja historia con el cumplea\u00f1ero, para una circulaci\u00f3n, que forma parte del FESTTO &#8211; Festival Nacional de Teatro de Te\u00f3filo Otoni. El espect\u00e1culo pasar\u00e1 por las ciudades mineras de [&hellip;]<\/p>\n","protected":false},"author":7,"featured_media":15810,"comment_status":"closed","ping_status":"closed","sticky":false,"template":"","format":"standard","meta":{"footnotes":""},"categories":[53],"tags":[],"class_list":["post-15809","post","type-post","status-publish","format-standard","has-post-thumbnail","hentry","category-noticias-generales"],"lang":"es","translations":{"es":15809,"pt":15812},"pll_sync_post":[],"post_mailing_queue_ids":[],"_links":{"self":[{"href":"http:\/\/staging.ibermusicas.org\/index.php\/wp-json\/wp\/v2\/posts\/15809","targetHints":{"allow":["GET"]}}],"collection":[{"href":"http:\/\/staging.ibermusicas.org\/index.php\/wp-json\/wp\/v2\/posts"}],"about":[{"href":"http:\/\/staging.ibermusicas.org\/index.php\/wp-json\/wp\/v2\/types\/post"}],"author":[{"embeddable":true,"href":"http:\/\/staging.ibermusicas.org\/index.php\/wp-json\/wp\/v2\/users\/7"}],"replies":[{"embeddable":true,"href":"http:\/\/staging.ibermusicas.org\/index.php\/wp-json\/wp\/v2\/comments?post=15809"}],"version-history":[{"count":1,"href":"http:\/\/staging.ibermusicas.org\/index.php\/wp-json\/wp\/v2\/posts\/15809\/revisions"}],"predecessor-version":[{"id":15811,"href":"http:\/\/staging.ibermusicas.org\/index.php\/wp-json\/wp\/v2\/posts\/15809\/revisions\/15811"}],"wp:featuredmedia":[{"embeddable":true,"href":"http:\/\/staging.ibermusicas.org\/index.php\/wp-json\/wp\/v2\/media\/15810"}],"wp:attachment":[{"href":"http:\/\/staging.ibermusicas.org\/index.php\/wp-json\/wp\/v2\/media?parent=15809"}],"wp:term":[{"taxonomy":"category","embeddable":true,"href":"http:\/\/staging.ibermusicas.org\/index.php\/wp-json\/wp\/v2\/categories?post=15809"},{"taxonomy":"post_tag","embeddable":true,"href":"http:\/\/staging.ibermusicas.org\/index.php\/wp-json\/wp\/v2\/tags?post=15809"}],"curies":[{"name":"wp","href":"https:\/\/api.w.org\/{rel}","templated":true}]}}