{"id":15814,"date":"2023-06-02T16:45:30","date_gmt":"2023-06-02T16:45:30","guid":{"rendered":"http:\/\/staging.ibermusicas.org\/?p=15814"},"modified":"2023-06-29T12:50:35","modified_gmt":"2023-06-29T12:50:35","slug":"espiral-duo-de-cuba-presenta-sus-conciertos-talleres-sobre-musica-cubana-son-changui-guajira-conga-y-nueva-trova","status":"publish","type":"post","link":"http:\/\/staging.ibermusicas.org\/index.php\/espiral-duo-de-cuba-presenta-sus-conciertos-talleres-sobre-musica-cubana-son-changui-guajira-conga-y-nueva-trova\/","title":{"rendered":"Espiral D\u00fao de Cuba presenta sus conciertos\/talleres sobre m\u00fasica cubana\u00a0 (Son, Chang\u00fc\u00ed, Guajira, Conga y Nueva Trova)"},"content":{"rendered":"<p>El proyecto cubano Espiral D\u00fao , fundado en el a\u00f1o 2014 por Tania Haase Solorzano (viol\u00edn) y Rodrigo Garc\u00eda Ameneiro (piano), ambos T\u00edtulos de Oro del Instituto Superior de Arte de Cuba y ganadores de dis\u00edmiles cert\u00e1menes de car\u00e1cter nacional e internacional, presenta una serie de conciertos y\u00a0 talleres acerca de la cultura cubana, la m\u00fasica popular de su pa\u00eds, sus ra\u00edces, historia, importancia, y su integraci\u00f3n a la m\u00fasica de concierto cameral hecha en Cuba.<\/p>\n<p>&nbsp;<\/p>\n<p>Estas grabaciones surgen luego de varios a\u00f1os de trabajo investigativo e interpretativo de la m\u00fasica cubana contempor\u00e1nea por parte del d\u00fao, y gracias al apoyo de Iberm\u00fasicas y el Ministerio de Cultura de Cuba, en coordinaci\u00f3n con la \u201cCasa discogr\u00e1fica y editora musical Producciones Colibr\u00ed\u201d (disquera que licencia el fonograma \u201cEspiral Duo en vivo\u201d, usado como ilustrador de las clases\/conciertos) y la Universidad Ju\u00e1rez Aut\u00f3noma de Tabasco (UJAT), que ser\u00e1 la sede del acto de presentaci\u00f3n de estos materiales did\u00e1cticos.<\/p>\n<p>&nbsp;<\/p>\n<p>Se trata de cuatro conciertos\/talleres en los que Tania Haase y Rodrigo Garc\u00eda (integrantes de Espiral D\u00fao) y su invitado especial Jes\u00fas Estrada Gonz\u00e1lez (percusi\u00f3n), ofrecen un recorrido por el chang\u00fc\u00ed, el son, la guajira, la conga y la nueva trova, algunos de los g\u00e9neros o movimientos m\u00e1s importantes musical y socialmente en Cuba, comentando acerca de sus or\u00edgenes, formatos, caracter\u00edsticas, etc, y su adaptaci\u00f3n a la m\u00fasica de concierto, ejemplificando mediante el repertorio del d\u00fao.<\/p>\n<p>El proyecto de Espiral D\u00fao ha resultado ganador de la convocatoria de Ayudas al Sector Musical en modalidad virtual.<\/p>\n<p>&nbsp;<\/p>\n<p>Jueves 8 y viernes 9 de junio<\/p>\n<p>&nbsp;<\/p>\n<ul>\n<li>Son: <a href=\"https:\/\/youtu.be\/jERf_osOCww\">https:\/\/youtu.be\/jERf_osOCww<\/a><\/li>\n<li>Chang\u00fc\u00ed: <a href=\"https:\/\/youtu.be\/WCQ3XlIMO5c\">https:\/\/youtu.be\/WCQ3XlIMO5c<\/a><\/li>\n<li>Guajira\/conga: <a href=\"https:\/\/youtu.be\/J7_nwEzCaF0\">https:\/\/youtu.be\/J7_nwEzCaF0<\/a><\/li>\n<li>Nueva Trova: <a href=\"https:\/\/youtu.be\/OmSm2RXfsUo\">https:\/\/youtu.be\/OmSm2RXfsUo<\/a><\/li>\n<\/ul>\n","protected":false},"excerpt":{"rendered":"<p>El proyecto cubano Espiral D\u00fao , fundado en el a\u00f1o 2014 por Tania Haase Solorzano (viol\u00edn) y Rodrigo Garc\u00eda Ameneiro (piano), ambos T\u00edtulos de Oro del Instituto Superior de Arte de Cuba y ganadores de dis\u00edmiles cert\u00e1menes de car\u00e1cter nacional e internacional, presenta una serie de conciertos y\u00a0 talleres acerca de la cultura cubana, la [&hellip;]<\/p>\n","protected":false},"author":7,"featured_media":15815,"comment_status":"closed","ping_status":"closed","sticky":false,"template":"","format":"standard","meta":{"footnotes":""},"categories":[53],"tags":[],"class_list":["post-15814","post","type-post","status-publish","format-standard","has-post-thumbnail","hentry","category-noticias-generales"],"lang":"es","translations":{"es":15814,"pt":15817},"pll_sync_post":[],"post_mailing_queue_ids":[],"_links":{"self":[{"href":"http:\/\/staging.ibermusicas.org\/index.php\/wp-json\/wp\/v2\/posts\/15814","targetHints":{"allow":["GET"]}}],"collection":[{"href":"http:\/\/staging.ibermusicas.org\/index.php\/wp-json\/wp\/v2\/posts"}],"about":[{"href":"http:\/\/staging.ibermusicas.org\/index.php\/wp-json\/wp\/v2\/types\/post"}],"author":[{"embeddable":true,"href":"http:\/\/staging.ibermusicas.org\/index.php\/wp-json\/wp\/v2\/users\/7"}],"replies":[{"embeddable":true,"href":"http:\/\/staging.ibermusicas.org\/index.php\/wp-json\/wp\/v2\/comments?post=15814"}],"version-history":[{"count":1,"href":"http:\/\/staging.ibermusicas.org\/index.php\/wp-json\/wp\/v2\/posts\/15814\/revisions"}],"predecessor-version":[{"id":15816,"href":"http:\/\/staging.ibermusicas.org\/index.php\/wp-json\/wp\/v2\/posts\/15814\/revisions\/15816"}],"wp:featuredmedia":[{"embeddable":true,"href":"http:\/\/staging.ibermusicas.org\/index.php\/wp-json\/wp\/v2\/media\/15815"}],"wp:attachment":[{"href":"http:\/\/staging.ibermusicas.org\/index.php\/wp-json\/wp\/v2\/media?parent=15814"}],"wp:term":[{"taxonomy":"category","embeddable":true,"href":"http:\/\/staging.ibermusicas.org\/index.php\/wp-json\/wp\/v2\/categories?post=15814"},{"taxonomy":"post_tag","embeddable":true,"href":"http:\/\/staging.ibermusicas.org\/index.php\/wp-json\/wp\/v2\/tags?post=15814"}],"curies":[{"name":"wp","href":"https:\/\/api.w.org\/{rel}","templated":true}]}}