{"id":15817,"date":"2023-06-02T16:46:54","date_gmt":"2023-06-02T16:46:54","guid":{"rendered":"http:\/\/staging.ibermusicas.org\/?p=15817"},"modified":"2023-06-29T13:07:57","modified_gmt":"2023-06-29T13:07:57","slug":"espiral-duo-de-cuba-apresenta-os-seus-concertos-workshops-sobre-musica-cubana-son-changui-guajira-conga-e-nueva-trova","status":"publish","type":"post","link":"http:\/\/staging.ibermusicas.org\/index.php\/espiral-duo-de-cuba-apresenta-os-seus-concertos-workshops-sobre-musica-cubana-son-changui-guajira-conga-e-nueva-trova\/","title":{"rendered":"Espiral Duo de Cuba apresenta os seus concertos\/workshops sobre m\u00fasica cubana (Son, Chang\u00fc\u00ed, Guajira, Conga e Nueva Trova)"},"content":{"rendered":"<p>O projecto cubano Espiral D\u00fao, fundado em 2014 por Tania Haase Solorzano (violino) e Rodrigo Garc\u00eda Ameneiro (piano), ambos T\u00edtulos de Ouro do Instituto Superior de Arte de Cuba e vencedores de v\u00e1rios concursos nacionais e internacionais, apresenta uma s\u00e9rie de concertos e workshops sobre a cultura cubana, a m\u00fasica popular do seu pa\u00eds, as suas ra\u00edzes, hist\u00f3ria, import\u00e2ncia, e a sua integra\u00e7\u00e3o na m\u00fasica de c\u00e2mara de concerto feita em Cuba.<\/p>\n<p>&nbsp;<\/p>\n<p>Estas grava\u00e7\u00f5es surgem ap\u00f3s v\u00e1rios anos de investiga\u00e7\u00e3o e trabalho interpretativo sobre a m\u00fasica cubana contempor\u00e2nea por parte do duo, e gra\u00e7as ao apoio do Iberm\u00fasicas e do Minist\u00e9rio da Cultura de Cuba, em coordena\u00e7\u00e3o com a \u00abCasa discogr\u00e1fica y editora musical Producciones Colibr\u00ed\u00bb (editora discogr\u00e1fica que licencia o fonograma \u00abEspiral Duo en vivo\u00bb, utilizado como ilustrador das aulas\/concertos) e a Universidade Ju\u00e1rez Aut\u00f3noma de Tabasco (UJAT), que acolher\u00e1 a apresenta\u00e7\u00e3o destes materiais did\u00e1cticos.<\/p>\n<p>&nbsp;<\/p>\n<p>S\u00e3o quatro concertos\/oficinas em que Tania Haase e Rodrigo Garc\u00eda (membros do Espiral D\u00fao) e o seu convidado especial Jes\u00fas Estrada Gonz\u00e1lez (percuss\u00e3o), oferecem uma viagem pelo chang\u00fc\u00ed, son, guajira, conga e nueva trova, alguns dos g\u00eaneros ou movimentos musical e socialmente mais importantes em Cuba, comentando as suas origens, formatos, caracter\u00edsticas, etc., e a sua adapta\u00e7\u00e3o \u00e0 m\u00fasica de concerto, exemplificada pelo repert\u00f3rio do duo.<\/p>\n<p>&nbsp;<\/p>\n<p>O projecto da Espiral D\u00fao foi vencedor do concurso de candidaturas a ajudas virtuais para o sector musical.<\/p>\n<p>Quinta-feira 8 e sexta-feira 9 de junho<\/p>\n<p>&nbsp;<\/p>\n<ul>\n<li style=\"list-style-type: none;\">\n<ul>\n<li>Son: <a href=\"https:\/\/youtu.be\/jERf_osOCww\">https:\/\/youtu.be\/jERf_osOCww<\/a><\/li>\n<li>Chang\u00fc\u00ed: <a href=\"https:\/\/youtu.be\/WCQ3XlIMO5c\">https:\/\/youtu.be\/WCQ3XlIMO5c<\/a><\/li>\n<li>Guajira\/conga: <a href=\"https:\/\/youtu.be\/J7_nwEzCaF0\">https:\/\/youtu.be\/J7_nwEzCaF0<\/a><\/li>\n<li>Nueva Trova: <a href=\"https:\/\/youtu.be\/OmSm2RXfsUo\">https:\/\/youtu.be\/OmSm2RXfsUo<\/a><\/li>\n<\/ul>\n<\/li>\n<\/ul>\n","protected":false},"excerpt":{"rendered":"<p>O projecto cubano Espiral D\u00fao, fundado em 2014 por Tania Haase Solorzano (violino) e Rodrigo Garc\u00eda Ameneiro (piano), ambos T\u00edtulos de Ouro do Instituto Superior de Arte de Cuba e vencedores de v\u00e1rios concursos nacionais e internacionais, apresenta uma s\u00e9rie de concertos e workshops sobre a cultura cubana, a m\u00fasica popular do seu pa\u00eds, as [&hellip;]<\/p>\n","protected":false},"author":7,"featured_media":15815,"comment_status":"closed","ping_status":"closed","sticky":false,"template":"","format":"standard","meta":{"footnotes":""},"categories":[218],"tags":[],"class_list":["post-15817","post","type-post","status-publish","format-standard","has-post-thumbnail","hentry","category-noticias-generales-pt"],"lang":"pt","translations":{"pt":15817,"es":15814},"pll_sync_post":[],"post_mailing_queue_ids":[],"_links":{"self":[{"href":"http:\/\/staging.ibermusicas.org\/index.php\/wp-json\/wp\/v2\/posts\/15817","targetHints":{"allow":["GET"]}}],"collection":[{"href":"http:\/\/staging.ibermusicas.org\/index.php\/wp-json\/wp\/v2\/posts"}],"about":[{"href":"http:\/\/staging.ibermusicas.org\/index.php\/wp-json\/wp\/v2\/types\/post"}],"author":[{"embeddable":true,"href":"http:\/\/staging.ibermusicas.org\/index.php\/wp-json\/wp\/v2\/users\/7"}],"replies":[{"embeddable":true,"href":"http:\/\/staging.ibermusicas.org\/index.php\/wp-json\/wp\/v2\/comments?post=15817"}],"version-history":[{"count":1,"href":"http:\/\/staging.ibermusicas.org\/index.php\/wp-json\/wp\/v2\/posts\/15817\/revisions"}],"predecessor-version":[{"id":15818,"href":"http:\/\/staging.ibermusicas.org\/index.php\/wp-json\/wp\/v2\/posts\/15817\/revisions\/15818"}],"wp:featuredmedia":[{"embeddable":true,"href":"http:\/\/staging.ibermusicas.org\/index.php\/wp-json\/wp\/v2\/media\/15815"}],"wp:attachment":[{"href":"http:\/\/staging.ibermusicas.org\/index.php\/wp-json\/wp\/v2\/media?parent=15817"}],"wp:term":[{"taxonomy":"category","embeddable":true,"href":"http:\/\/staging.ibermusicas.org\/index.php\/wp-json\/wp\/v2\/categories?post=15817"},{"taxonomy":"post_tag","embeddable":true,"href":"http:\/\/staging.ibermusicas.org\/index.php\/wp-json\/wp\/v2\/tags?post=15817"}],"curies":[{"name":"wp","href":"https:\/\/api.w.org\/{rel}","templated":true}]}}