{"id":15819,"date":"2023-06-02T16:57:28","date_gmt":"2023-06-02T16:57:28","guid":{"rendered":"http:\/\/staging.ibermusicas.org\/?p=15819"},"modified":"2023-06-02T16:57:28","modified_gmt":"2023-06-02T16:57:28","slug":"fiesta-rara-de-uruguay-lleva-a-espana-su-qcalor-tour-proponiendo-la-fiesta-como-accion-politica-consciente-y-activa","status":"publish","type":"post","link":"http:\/\/staging.ibermusicas.org\/index.php\/fiesta-rara-de-uruguay-lleva-a-espana-su-qcalor-tour-proponiendo-la-fiesta-como-accion-politica-consciente-y-activa\/","title":{"rendered":"Fiesta Rara de Uruguay lleva a Espa\u00f1a su Q\u00b4Calor Tour proponiendo la fiesta como acci\u00f3n pol\u00edtica, consciente y activa"},"content":{"rendered":"<p>Fiesta Rara es una plataforma art\u00edstica uruguaya que re\u00fane djs, vjs, m\u00fasicxs, performers, artistas visuales, productores y gestores culturales queer en procura de ampliar el concepto de fiesta y utilizarlo como herramienta de comunicaci\u00f3n para el encuentro desde la alegr\u00eda y el respeto, piezas fundamentales para construir una sociedad rica en cultura y valores.<\/p>\n<p>&nbsp;<\/p>\n<p>Ven en el arte una herramienta de comunicaci\u00f3n y transformaci\u00f3n a la vez que enfatizan el cuidado del medio ambiente, la interacci\u00f3n entre diversos grupos de personas y la organizaci\u00f3n colectiva como principal acci\u00f3n de cambio social.<\/p>\n<p>&nbsp;<\/p>\n<p>Trabajan desde 2013 apoyando la investigaci\u00f3n, defensa y promoci\u00f3n de las manifestaciones socioculturales de las minor\u00edas identitarias haciendo uso del poder constructivo y pol\u00edtico que la m\u00fasica y los espacios de baile tienen en la sociedad.<\/p>\n<p>&nbsp;<\/p>\n<p>Esta gira tiene el apoyo de Iberm\u00fasicas mediante las Ayudas al Sector Musical para la Circulaci\u00f3n Iberoamericana.<\/p>\n<p>&nbsp;<\/p>\n<p>&nbsp;<\/p>\n<p>Presentaciones entre junio y agosto en Ibiza, Barcelona, Madrid, Galicia, Sevilla y Berl\u00edn<\/p>\n","protected":false},"excerpt":{"rendered":"<p>Fiesta Rara es una plataforma art\u00edstica uruguaya que re\u00fane djs, vjs, m\u00fasicxs, performers, artistas visuales, productores y gestores culturales queer en procura de ampliar el concepto de fiesta y utilizarlo como herramienta de comunicaci\u00f3n para el encuentro desde la alegr\u00eda y el respeto, piezas fundamentales para construir una sociedad rica en cultura y valores. &nbsp; [&hellip;]<\/p>\n","protected":false},"author":7,"featured_media":15820,"comment_status":"closed","ping_status":"closed","sticky":false,"template":"","format":"standard","meta":{"footnotes":""},"categories":[53],"tags":[],"class_list":["post-15819","post","type-post","status-publish","format-standard","has-post-thumbnail","hentry","category-noticias-generales"],"lang":"es","translations":{"es":15819,"pt":15822},"pll_sync_post":[],"post_mailing_queue_ids":[],"_links":{"self":[{"href":"http:\/\/staging.ibermusicas.org\/index.php\/wp-json\/wp\/v2\/posts\/15819","targetHints":{"allow":["GET"]}}],"collection":[{"href":"http:\/\/staging.ibermusicas.org\/index.php\/wp-json\/wp\/v2\/posts"}],"about":[{"href":"http:\/\/staging.ibermusicas.org\/index.php\/wp-json\/wp\/v2\/types\/post"}],"author":[{"embeddable":true,"href":"http:\/\/staging.ibermusicas.org\/index.php\/wp-json\/wp\/v2\/users\/7"}],"replies":[{"embeddable":true,"href":"http:\/\/staging.ibermusicas.org\/index.php\/wp-json\/wp\/v2\/comments?post=15819"}],"version-history":[{"count":1,"href":"http:\/\/staging.ibermusicas.org\/index.php\/wp-json\/wp\/v2\/posts\/15819\/revisions"}],"predecessor-version":[{"id":15821,"href":"http:\/\/staging.ibermusicas.org\/index.php\/wp-json\/wp\/v2\/posts\/15819\/revisions\/15821"}],"wp:featuredmedia":[{"embeddable":true,"href":"http:\/\/staging.ibermusicas.org\/index.php\/wp-json\/wp\/v2\/media\/15820"}],"wp:attachment":[{"href":"http:\/\/staging.ibermusicas.org\/index.php\/wp-json\/wp\/v2\/media?parent=15819"}],"wp:term":[{"taxonomy":"category","embeddable":true,"href":"http:\/\/staging.ibermusicas.org\/index.php\/wp-json\/wp\/v2\/categories?post=15819"},{"taxonomy":"post_tag","embeddable":true,"href":"http:\/\/staging.ibermusicas.org\/index.php\/wp-json\/wp\/v2\/tags?post=15819"}],"curies":[{"name":"wp","href":"https:\/\/api.w.org\/{rel}","templated":true}]}}