{"id":15824,"date":"2023-06-02T17:00:13","date_gmt":"2023-06-02T17:00:13","guid":{"rendered":"http:\/\/staging.ibermusicas.org\/?p=15824"},"modified":"2023-06-05T18:19:51","modified_gmt":"2023-06-05T18:19:51","slug":"el-artista-brasileno-dj-mam-lleva-su-propuesta-a-portugal-espana-y-alemania","status":"publish","type":"post","link":"http:\/\/staging.ibermusicas.org\/index.php\/el-artista-brasileno-dj-mam-lleva-su-propuesta-a-portugal-espana-y-alemania\/","title":{"rendered":"El artista brasile\u00f1o DJ MAM lleva su propuesta a Portugal, Espa\u00f1a y Alemania"},"content":{"rendered":"<p>DJ MAM estar\u00e1 de gira por Portugal, Alemania y Espa\u00f1a entre junio y octubre de 2023. Multiartista, m\u00fasico, compositor, cantante, int\u00e9rprete, productor musical, director art\u00edstico y DJ. Marco Aur\u00e9lio Marinho, nacido en los suburbios de R\u00edo de Janeiro, es activista de causas medioambientales y clim\u00e1ticas. Tiene ascendencia mestiza brasile\u00f1a.<\/p>\n<p>&nbsp;<\/p>\n<p>MAM ha actuado en importantes eventos como R\u00e9veillon de Copacabana, Roskilde Festival (Dinamarca), MIDEM Latinamerica, WOMAD (Chile y Canarias), AME &#8211; Atlantic Music Expo (Cabo Verde) y MIMO (Brasil y Portugal).<\/p>\n<p>&nbsp;<\/p>\n<p>Ha colaborado con m\u00e1s de un centenar de artistas como Elza Soares, Gilberto Gil, Alceu Valen\u00e7a, Chico C\u00e9sar, BNeg\u00e3o, Luedji Luna, Tropkillaz, El Buho, Batida y otros.<\/p>\n<p>&nbsp;<\/p>\n<p>MAM es un artista h\u00edbrido, representante de culturas de resistencia. Toda esta diversidad brasile\u00f1a y global se puede escuchar en sus autor\u00edas, producciones, remixes y dj sets.<\/p>\n<p>&nbsp;<\/p>\n<p>Esta gira cuenta con el apoyo del Programa Iberm\u00fasicas a trav\u00e9s de las Ayudas al Sector Musical para la Circulaci\u00f3n Iberoamericana.<\/p>\n<p>&nbsp;<\/p>\n<ul>\n<li>10 de junio: Cosmo Festival, Dortmund, Alemania<\/li>\n<li>11 de junio: Ferro Bar, Oporto, Portugal<\/li>\n<\/ul>\n<p>25 &#8211; 29 de octubre: Womex, A Coru\u00f1a, Galicia, Espa\u00f1a<\/p>\n","protected":false},"excerpt":{"rendered":"<p>DJ MAM estar\u00e1 de gira por Portugal, Alemania y Espa\u00f1a entre junio y octubre de 2023. Multiartista, m\u00fasico, compositor, cantante, int\u00e9rprete, productor musical, director art\u00edstico y DJ. Marco Aur\u00e9lio Marinho, nacido en los suburbios de R\u00edo de Janeiro, es activista de causas medioambientales y clim\u00e1ticas. Tiene ascendencia mestiza brasile\u00f1a. &nbsp; MAM ha actuado en importantes [&hellip;]<\/p>\n","protected":false},"author":7,"featured_media":15830,"comment_status":"closed","ping_status":"closed","sticky":false,"template":"","format":"standard","meta":{"footnotes":""},"categories":[53],"tags":[],"class_list":["post-15824","post","type-post","status-publish","format-standard","has-post-thumbnail","hentry","category-noticias-generales"],"lang":"es","translations":{"es":15824,"pt":15827},"pll_sync_post":[],"post_mailing_queue_ids":[],"_links":{"self":[{"href":"http:\/\/staging.ibermusicas.org\/index.php\/wp-json\/wp\/v2\/posts\/15824","targetHints":{"allow":["GET"]}}],"collection":[{"href":"http:\/\/staging.ibermusicas.org\/index.php\/wp-json\/wp\/v2\/posts"}],"about":[{"href":"http:\/\/staging.ibermusicas.org\/index.php\/wp-json\/wp\/v2\/types\/post"}],"author":[{"embeddable":true,"href":"http:\/\/staging.ibermusicas.org\/index.php\/wp-json\/wp\/v2\/users\/7"}],"replies":[{"embeddable":true,"href":"http:\/\/staging.ibermusicas.org\/index.php\/wp-json\/wp\/v2\/comments?post=15824"}],"version-history":[{"count":2,"href":"http:\/\/staging.ibermusicas.org\/index.php\/wp-json\/wp\/v2\/posts\/15824\/revisions"}],"predecessor-version":[{"id":15871,"href":"http:\/\/staging.ibermusicas.org\/index.php\/wp-json\/wp\/v2\/posts\/15824\/revisions\/15871"}],"wp:featuredmedia":[{"embeddable":true,"href":"http:\/\/staging.ibermusicas.org\/index.php\/wp-json\/wp\/v2\/media\/15830"}],"wp:attachment":[{"href":"http:\/\/staging.ibermusicas.org\/index.php\/wp-json\/wp\/v2\/media?parent=15824"}],"wp:term":[{"taxonomy":"category","embeddable":true,"href":"http:\/\/staging.ibermusicas.org\/index.php\/wp-json\/wp\/v2\/categories?post=15824"},{"taxonomy":"post_tag","embeddable":true,"href":"http:\/\/staging.ibermusicas.org\/index.php\/wp-json\/wp\/v2\/tags?post=15824"}],"curies":[{"name":"wp","href":"https:\/\/api.w.org\/{rel}","templated":true}]}}