{"id":16022,"date":"2023-06-14T14:17:54","date_gmt":"2023-06-14T14:17:54","guid":{"rendered":"http:\/\/staging.ibermusicas.org\/?p=16022"},"modified":"2023-07-31T17:24:27","modified_gmt":"2023-07-31T17:24:27","slug":"identidades-sonoras-las-playlists-de-ibermusicas-2","status":"publish","type":"post","link":"http:\/\/staging.ibermusicas.org\/index.php\/identidades-sonoras-las-playlists-de-ibermusicas-2\/","title":{"rendered":"Identidades Sonoras, las playlists de Iberm\u00fasicas"},"content":{"rendered":"<p><strong>Esta quincena recomendamos las playlists creadas por Mait\u00e9 R\u00edos de Cuba, Luisa Pi\u00f1eros de Colombia y Sergio Ferreira de Paraguay<\/strong><\/p>\n<p>&nbsp;<\/p>\n<p><em>\u201cAborda la m\u00fasica cubana desde g\u00e9neros tradicionales, concertantes, el jazz y su interrelaci\u00f3n; asumida por diversos creadores e int\u00e9rpretes con variados formatos instrumentales los cuales reflejan diferentes lenguajes y \u2018maneras de hacer que nos identifican\u201d. <\/em><strong>Mait\u00e9 R\u00edos, Cuba<\/strong><\/p>\n<p>&nbsp;<\/p>\n<p><a href=\"https:\/\/open.spotify.com\/playlist\/0W1jLBHiiVLwnHhyuiplQq?si=4d0f916f041a40c1\">https:\/\/open.spotify.com\/playlist\/0W1jLBHiiVLwnHhyuiplQq?si=4d0f916f041a40c1<\/a><\/p>\n<p>&nbsp;<\/p>\n<p>&#8230;&#8230;&#8230;&#8230;&#8230;&#8230;&#8230;&#8230;&#8230;..<\/p>\n<p>&nbsp;<\/p>\n<p><em>\u201cNo necesitas tomar un avi\u00f3n para recorrer uno de los pa\u00edses m\u00e1s diversos del planeta. Solo dale play y sum\u00e9rgete en un fascinante viaje entre el pasado y el presente, las ra\u00edces , lo actual y lo futurista de una m\u00fasica independiente, 100% colombiana\u201d. <\/em><strong>Luisa Pi\u00f1eros, Colombia<\/strong><\/p>\n<p>&nbsp;<\/p>\n<p><a href=\"https:\/\/open.spotify.com\/playlist\/3Mj6HvTrnycHsRDmugXXe9?si=985f4401b4e64570\">https:\/\/open.spotify.com\/playlist\/3Mj6HvTrnycHsRDmugXXe9?si=985f4401b4e64570<\/a><\/p>\n<p>&nbsp;<\/p>\n<p>&#8230;&#8230;&#8230;&#8230;&#8230;&#8230;&#8230;&#8230;&#8230;..<\/p>\n<p>&nbsp;<\/p>\n<p><em>\u201c\u00bfEnchufamos la polca? \u00bfLa tocamos rockeada o jazzeada? Cincuenta respuestas en este recorrido por nuevas versiones de cl\u00e1sicos, el\u00e9ctricas y ac\u00fasticas; respetando la cadencia del 6&#215;8 o no. Tambi\u00e9n temas nuevos, algunos en guaran\u00ed o que pintan la singularidad del coraz\u00f3n sudamericano\u201d. <\/em><strong>Sergio Ferreira, Paraguay<\/strong><\/p>\n<p>&nbsp;<\/p>\n<p><a href=\"https:\/\/open.spotify.com\/playlist\/4ozGRiZLlawYALYJny7Zvj?si=a9b6bfa1e03f4f24\">https:\/\/open.spotify.com\/playlist\/4ozGRiZLlawYALYJny7Zvj?si=a9b6bfa1e03f4f24<\/a><\/p>\n<p>&nbsp;<\/p>\n","protected":false},"excerpt":{"rendered":"<p>Esta quincena recomendamos las playlists creadas por Mait\u00e9 R\u00edos de Cuba, Luisa Pi\u00f1eros de Colombia y Sergio Ferreira de Paraguay &nbsp; \u201cAborda la m\u00fasica cubana desde g\u00e9neros tradicionales, concertantes, el jazz y su interrelaci\u00f3n; asumida por diversos creadores e int\u00e9rpretes con variados formatos instrumentales los cuales reflejan diferentes lenguajes y \u2018maneras de hacer que nos [&hellip;]<\/p>\n","protected":false},"author":7,"featured_media":16023,"comment_status":"closed","ping_status":"closed","sticky":false,"template":"","format":"standard","meta":{"footnotes":""},"categories":[53],"tags":[],"class_list":["post-16022","post","type-post","status-publish","format-standard","has-post-thumbnail","hentry","category-noticias-generales"],"lang":"es","translations":{"es":16022,"pt":16025},"pll_sync_post":[],"post_mailing_queue_ids":[],"_links":{"self":[{"href":"http:\/\/staging.ibermusicas.org\/index.php\/wp-json\/wp\/v2\/posts\/16022","targetHints":{"allow":["GET"]}}],"collection":[{"href":"http:\/\/staging.ibermusicas.org\/index.php\/wp-json\/wp\/v2\/posts"}],"about":[{"href":"http:\/\/staging.ibermusicas.org\/index.php\/wp-json\/wp\/v2\/types\/post"}],"author":[{"embeddable":true,"href":"http:\/\/staging.ibermusicas.org\/index.php\/wp-json\/wp\/v2\/users\/7"}],"replies":[{"embeddable":true,"href":"http:\/\/staging.ibermusicas.org\/index.php\/wp-json\/wp\/v2\/comments?post=16022"}],"version-history":[{"count":1,"href":"http:\/\/staging.ibermusicas.org\/index.php\/wp-json\/wp\/v2\/posts\/16022\/revisions"}],"predecessor-version":[{"id":16024,"href":"http:\/\/staging.ibermusicas.org\/index.php\/wp-json\/wp\/v2\/posts\/16022\/revisions\/16024"}],"wp:featuredmedia":[{"embeddable":true,"href":"http:\/\/staging.ibermusicas.org\/index.php\/wp-json\/wp\/v2\/media\/16023"}],"wp:attachment":[{"href":"http:\/\/staging.ibermusicas.org\/index.php\/wp-json\/wp\/v2\/media?parent=16022"}],"wp:term":[{"taxonomy":"category","embeddable":true,"href":"http:\/\/staging.ibermusicas.org\/index.php\/wp-json\/wp\/v2\/categories?post=16022"},{"taxonomy":"post_tag","embeddable":true,"href":"http:\/\/staging.ibermusicas.org\/index.php\/wp-json\/wp\/v2\/tags?post=16022"}],"curies":[{"name":"wp","href":"https:\/\/api.w.org\/{rel}","templated":true}]}}