{"id":16025,"date":"2023-06-14T14:20:25","date_gmt":"2023-06-14T14:20:25","guid":{"rendered":"http:\/\/staging.ibermusicas.org\/?p=16025"},"modified":"2023-07-31T17:26:52","modified_gmt":"2023-07-31T17:26:52","slug":"identidades-sonoras-as-playlists-ibermusicas-2","status":"publish","type":"post","link":"http:\/\/staging.ibermusicas.org\/index.php\/identidades-sonoras-as-playlists-ibermusicas-2\/","title":{"rendered":"Identidades Sonoras, as playlists Iberm\u00fasicas"},"content":{"rendered":"<p><strong>Esta quinzena recomendamos as playlists criadas por Mait\u00e9 R\u00edos de Cuba, Luisa Pi\u00f1eros da Col\u00f4mbia e S\u00e9rgio Ferreira do Paraguai.<\/strong><\/p>\n<p>&nbsp;<\/p>\n<p>&nbsp;<\/p>\n<p><em>\u00abAborda a m\u00fasica cubana a partir de g\u00e9neros tradicionais, concertantes, jazz e suas inter-rela\u00e7\u00f5es; assumida por diversos criadores e int\u00e9rpretes com formatos instrumentais variados que refletem diferentes linguagens e modos de fazer que nos identificam\u00bb. <\/em><strong>Mait\u00e9 R\u00edos, Cuba<\/strong><\/p>\n<p><em>\u00a0<\/em><\/p>\n<p><a href=\"https:\/\/open.spotify.com\/playlist\/0W1jLBHiiVLwnHhyuiplQq?si=4d0f916f041a40c1\"><em>https:\/\/open.spotify.com\/playlist\/0W1jLBHiiVLwnHhyuiplQq?si=4d0f916f041a40c1<\/em><\/a><\/p>\n<p><em>\u00a0<\/em><\/p>\n<p><em>&#8230;&#8230;&#8230;&#8230;&#8230;&#8230;&#8230;&#8230;&#8230;..<\/em><\/p>\n<p><em>\u00a0<\/em><\/p>\n<p><em>\u00abN\u00e3o \u00e9 preciso apanhar um avi\u00e3o para percorrer um dos pa\u00edses mais diversos do planeta. Basta tocar e mergulhar numa viagem fascinante entre o passado e o presente, as ra\u00edzes, o presente e o futurismo de uma m\u00fasica independente e 100% colombiana\u00bb. <\/em><strong>Luisa Pi\u00f1eros, Col\u00f4mbia<\/strong><\/p>\n<p><em>\u00a0<\/em><\/p>\n<p><a href=\"https:\/\/open.spotify.com\/playlist\/3Mj6HvTrnycHsRDmugXXe9?si=985f4401b4e64570\"><em>https:\/\/open.spotify.com\/playlist\/3Mj6HvTrnycHsRDmugXXe9?si=985f4401b4e64570<\/em><\/a><\/p>\n<p><em>\u00a0<\/em><\/p>\n<p><em>&#8230;&#8230;&#8230;&#8230;&#8230;&#8230;&#8230;&#8230;&#8230;..<\/em><\/p>\n<p><em>\u00a0<\/em><\/p>\n<p><em>\u00ab\u00bbVamos ligar a polca? A tocamos rockeada ou jazzeada? Cinquenta respostas nesta viagem atrav\u00e9s de novas vers\u00f5es de cl\u00e1ssicos, el\u00e9ctricos e ac\u00fasticos; respeitando a cad\u00eancia do 6&#215;8 ou n\u00e3o. Tamb\u00e9m novas can\u00e7\u00f5es, algumas delas em guarani ou que pintam a singularidade do cora\u00e7\u00e3o sul-americano\u00bb. <\/em><strong>Sergio Ferreira, Paraguai<\/strong><\/p>\n<p>&nbsp;<\/p>\n<p><em><u>https:\/\/open.spotify.com\/playlist\/4ozGRiZLlawYALYJny7Zvj?si=a9b6bfa1e03f4f24<\/u><\/em><\/p>\n","protected":false},"excerpt":{"rendered":"<p>Esta quinzena recomendamos as playlists criadas por Mait\u00e9 R\u00edos de Cuba, Luisa Pi\u00f1eros da Col\u00f4mbia e S\u00e9rgio Ferreira do Paraguai. &nbsp; &nbsp; \u00abAborda a m\u00fasica cubana a partir de g\u00e9neros tradicionais, concertantes, jazz e suas inter-rela\u00e7\u00f5es; assumida por diversos criadores e int\u00e9rpretes com formatos instrumentais variados que refletem diferentes linguagens e modos de fazer que [&hellip;]<\/p>\n","protected":false},"author":7,"featured_media":16023,"comment_status":"closed","ping_status":"closed","sticky":false,"template":"","format":"standard","meta":{"footnotes":""},"categories":[218],"tags":[],"class_list":["post-16025","post","type-post","status-publish","format-standard","has-post-thumbnail","hentry","category-noticias-generales-pt"],"lang":"pt","translations":{"pt":16025,"es":16022},"pll_sync_post":[],"post_mailing_queue_ids":[],"_links":{"self":[{"href":"http:\/\/staging.ibermusicas.org\/index.php\/wp-json\/wp\/v2\/posts\/16025","targetHints":{"allow":["GET"]}}],"collection":[{"href":"http:\/\/staging.ibermusicas.org\/index.php\/wp-json\/wp\/v2\/posts"}],"about":[{"href":"http:\/\/staging.ibermusicas.org\/index.php\/wp-json\/wp\/v2\/types\/post"}],"author":[{"embeddable":true,"href":"http:\/\/staging.ibermusicas.org\/index.php\/wp-json\/wp\/v2\/users\/7"}],"replies":[{"embeddable":true,"href":"http:\/\/staging.ibermusicas.org\/index.php\/wp-json\/wp\/v2\/comments?post=16025"}],"version-history":[{"count":1,"href":"http:\/\/staging.ibermusicas.org\/index.php\/wp-json\/wp\/v2\/posts\/16025\/revisions"}],"predecessor-version":[{"id":16026,"href":"http:\/\/staging.ibermusicas.org\/index.php\/wp-json\/wp\/v2\/posts\/16025\/revisions\/16026"}],"wp:featuredmedia":[{"embeddable":true,"href":"http:\/\/staging.ibermusicas.org\/index.php\/wp-json\/wp\/v2\/media\/16023"}],"wp:attachment":[{"href":"http:\/\/staging.ibermusicas.org\/index.php\/wp-json\/wp\/v2\/media?parent=16025"}],"wp:term":[{"taxonomy":"category","embeddable":true,"href":"http:\/\/staging.ibermusicas.org\/index.php\/wp-json\/wp\/v2\/categories?post=16025"},{"taxonomy":"post_tag","embeddable":true,"href":"http:\/\/staging.ibermusicas.org\/index.php\/wp-json\/wp\/v2\/tags?post=16025"}],"curies":[{"name":"wp","href":"https:\/\/api.w.org\/{rel}","templated":true}]}}