{"id":16416,"date":"2023-07-14T18:49:28","date_gmt":"2023-07-14T18:49:28","guid":{"rendered":"http:\/\/staging.ibermusicas.org\/?p=16416"},"modified":"2023-07-31T17:22:31","modified_gmt":"2023-07-31T17:22:31","slug":"el-ensamble-vocal-macondo-de-colombia-sera-parte-del-certamen-internacional-de-habaneras-y-polifonia-de-torrevieja-espana","status":"publish","type":"post","link":"http:\/\/staging.ibermusicas.org\/index.php\/el-ensamble-vocal-macondo-de-colombia-sera-parte-del-certamen-internacional-de-habaneras-y-polifonia-de-torrevieja-espana\/","title":{"rendered":"El Ensamble Vocal Macondo de Colombia ser\u00e1 parte del Certamen Internacional de Habaneras y Polifon\u00eda de Torrevieja, Espa\u00f1a"},"content":{"rendered":"<p>El Ensamble Vocal Macondo, ganador de las \u201cAyudas al sector musical para la circulaci\u00f3n en Iberoam\u00e9rica &#8211; 2022\u201d del Programa Iberm\u00fasicas, participar\u00e1 en el 69\u00b0Certamen Internacional de Habaneras y Polifon\u00eda, uno de los concursos m\u00e1s importantes y representativos en el \u00e1mbito coral a nivel mundial. El Ensamble Vocal Macondo, fue fundado en el a\u00f1o 2015 por su director Juan David Osorio L\u00f3pez, con la intenci\u00f3n de difundir e interpretar el repertorio coral de diferentes per\u00edodos y lenguajes. La agrupaci\u00f3n est\u00e1 integrada principalmente por estudiantes de m\u00fasica, m\u00fasicos profesionales y profesionales de diferentes \u00e1reas.<\/p>\n<p>&nbsp;<\/p>\n<p>Se ha presentado en varios escenarios de concierto de la ciudad de Medell\u00edn, as\u00ed como en diversos festivales en varias ciudades de Colombia. Ha realizado importantes estrenos de m\u00fasica de compositores de la ciudad de Medell\u00edn, entre ellos el Libera Me, de su director Juan David Osorio, el Stabat Mater y Lux Aeterna del compositor Antioque\u00f1o Juan David Santander, as\u00ed c\u00f3mo la obra \u201cOfertorio de las Esferas\u201d, compuesta por reconocidos compositores antioque\u00f1os y estrenada junto al coro Camerata Vocal de Medell\u00edn y el Quinteto de bronces 5\/4.<\/p>\n<p>&nbsp;<\/p>\n<p>En el 2022 fueron ganadores de las convocatorias de Iberm\u00fasicas en la modalidad de \u201cAyudas al sector musical para la circulaci\u00f3n en Iberoam\u00e9rica,\u201d para concursar en el 69\u00b0 Certamen de Habaneras y Polifon\u00eda de Torre Vieja en Alicante- Espa\u00f1a.<\/p>\n<p>&nbsp;<\/p>\n<p>27 al 30 de julio en Teatro Municipal de Torrevieja, Alicante, Espa\u00f1a<\/p>\n<p>&nbsp;<\/p>\n<p>Instagram: @macondoensamblevocal<\/p>\n<p>Facebook: Ensamble vocal Macondo<\/p>\n<p>Youtube: Macondo EnsambleVocal<\/p>\n<p>&nbsp;<\/p>\n<p><a href=\"https:\/\/l.instagram.com\/?u=https%3A%2F%2Flinktr.ee%2Fmacondo.ensamble&amp;e=AT19dmnUa6W0Z2-O-NPTWzV3Fg0oBJBNWypDvIsbPobhJvwn7CPjZEIoxR-k8gpwvko7IO0QR80-JGa31SBrehI0oMif2Y_eD9DOzw8wn2dU873_wGU90g\">linktr.ee\/macondo.ensamble<\/a><\/p>\n","protected":false},"excerpt":{"rendered":"<p>El Ensamble Vocal Macondo, ganador de las \u201cAyudas al sector musical para la circulaci\u00f3n en Iberoam\u00e9rica &#8211; 2022\u201d del Programa Iberm\u00fasicas, participar\u00e1 en el 69\u00b0Certamen Internacional de Habaneras y Polifon\u00eda, uno de los concursos m\u00e1s importantes y representativos en el \u00e1mbito coral a nivel mundial. El Ensamble Vocal Macondo, fue fundado en el a\u00f1o 2015 [&hellip;]<\/p>\n","protected":false},"author":7,"featured_media":16417,"comment_status":"closed","ping_status":"closed","sticky":false,"template":"","format":"standard","meta":{"footnotes":""},"categories":[53],"tags":[],"class_list":["post-16416","post","type-post","status-publish","format-standard","has-post-thumbnail","hentry","category-noticias-generales"],"lang":"es","translations":{"es":16416,"pt":16419},"pll_sync_post":[],"post_mailing_queue_ids":[],"_links":{"self":[{"href":"http:\/\/staging.ibermusicas.org\/index.php\/wp-json\/wp\/v2\/posts\/16416","targetHints":{"allow":["GET"]}}],"collection":[{"href":"http:\/\/staging.ibermusicas.org\/index.php\/wp-json\/wp\/v2\/posts"}],"about":[{"href":"http:\/\/staging.ibermusicas.org\/index.php\/wp-json\/wp\/v2\/types\/post"}],"author":[{"embeddable":true,"href":"http:\/\/staging.ibermusicas.org\/index.php\/wp-json\/wp\/v2\/users\/7"}],"replies":[{"embeddable":true,"href":"http:\/\/staging.ibermusicas.org\/index.php\/wp-json\/wp\/v2\/comments?post=16416"}],"version-history":[{"count":1,"href":"http:\/\/staging.ibermusicas.org\/index.php\/wp-json\/wp\/v2\/posts\/16416\/revisions"}],"predecessor-version":[{"id":16418,"href":"http:\/\/staging.ibermusicas.org\/index.php\/wp-json\/wp\/v2\/posts\/16416\/revisions\/16418"}],"wp:featuredmedia":[{"embeddable":true,"href":"http:\/\/staging.ibermusicas.org\/index.php\/wp-json\/wp\/v2\/media\/16417"}],"wp:attachment":[{"href":"http:\/\/staging.ibermusicas.org\/index.php\/wp-json\/wp\/v2\/media?parent=16416"}],"wp:term":[{"taxonomy":"category","embeddable":true,"href":"http:\/\/staging.ibermusicas.org\/index.php\/wp-json\/wp\/v2\/categories?post=16416"},{"taxonomy":"post_tag","embeddable":true,"href":"http:\/\/staging.ibermusicas.org\/index.php\/wp-json\/wp\/v2\/tags?post=16416"}],"curies":[{"name":"wp","href":"https:\/\/api.w.org\/{rel}","templated":true}]}}