{"id":16694,"date":"2023-08-30T19:31:05","date_gmt":"2023-08-30T19:31:05","guid":{"rendered":"http:\/\/staging.ibermusicas.org\/?p=16694"},"modified":"2023-09-29T14:24:11","modified_gmt":"2023-09-29T14:24:11","slug":"a-acordeonista-livia-mattos-fara-turne-pela-espanha-e-portugal","status":"publish","type":"post","link":"http:\/\/staging.ibermusicas.org\/index.php\/a-acordeonista-livia-mattos-fara-turne-pela-espanha-e-portugal\/","title":{"rendered":"A acordeonista L\u00edvia Mattos far\u00e1 turn\u00ea pela Espanha e Portugal"},"content":{"rendered":"<p>Com o apoio do Programa Iberm\u00fasicas, a acordeonista e cantautora L\u00edvia Mattos far\u00e1 turn\u00ea pela Espanha e Portugal, junto com a sua banda, divulgando o seu segundo \u00e1lbum \u00abApneia\u00bb.<\/p>\n<p>&nbsp;<\/p>\n<p>Nascida em Salvador\/BA, L\u00edvia Mattos \u00e9 acordeonista, cantautora, soci\u00f3loga e performer. Depois de muitos anos circulando nos trabalhos de artistas consagrados como Chico C\u00e9sar, Rosa Passos, Badi Assad, Orquestra Sinf\u00f4nica da Bahia e muitos outros, iniciou a sua carreira a solo.<\/p>\n<p>&nbsp;<\/p>\n<p>Mattos lan\u00e7ou o seu primeiro \u00e1lbum autoral em 2017. O \u00e1lbum \u201cVinha da ida\u201d, com arranjos ousados, letras inventivas e fus\u00f5es incomuns de ra\u00edzes brasileiras e ritmos al\u00e9m fronteira, recebeu grandes elogios da cr\u00edtica. Em 2022, lan\u00e7ou o seu segundo \u00e1lbum \u201cApn\u00e9ia\u201d, h\u00edbrido entre can\u00e7\u00f5es e m\u00fasicas instrumentais autorais, incluindo o single hom\u00f4nimo premiado.<\/p>\n<p>&nbsp;<\/p>\n<p>Com o seu trabalho, circula por todo Brasil e por diversos pa\u00edses, tendo tocado em festivais como \u00abAkkorden Festival Wien\u201d, na \u00c1ustria; \u00abInternational Macau Parede\u00bb, na China; \u00abCantos na Mar\u00e9\u00bb, na Gal\u00edcia, MASA, na Costa do Marfim, dentre muitos outros.<\/p>\n<p>&nbsp;<\/p>\n<p>Em 2017, foi selecionada para o programa Onebeat, da Found Sound Nation (EUA), onde realizou resid\u00eancia e turn\u00ea pelos Estados Unidos, com outros 24 m\u00fasicos escolhidos ao redor do mundo. No Brasil, j\u00e1 ganhou os principais e mais concorridos editais voltados para cultura, como o Natura Musical (2016), o Rumos Itau Cultural (2017) e o Circuito SESI (2019), al\u00e9m de diversos projetos contemplados na Bahia e em S\u00e3o Paulo. Al\u00e9m de ser considerada uma carism\u00e1tica frontwoman da m\u00fasica, L\u00edvia transita constantemente por cria\u00e7\u00f5es de outras linguagens como a dan\u00e7a, o circo, o audiovisual e o teatro.<\/p>\n<p>&nbsp;<\/p>\n<p>Acompanhando L\u00edvia Mattos nesta turn\u00ea estar\u00e3o Jefferson Babu na tuba e Rafael dos Santos na bateria e pandeiro.<\/p>\n<p>&nbsp;<\/p>\n<p>&nbsp;<\/p>\n<ul>\n<li>3 de setembro: Dia do Brasil, Barcelona, Espa\u00f1a<\/li>\n<li>6 de setembro: Bota, Lisboa, Portugal<\/li>\n<li>7 de setembro: Casa da M\u00fasica &#8211; Porto, Portugal<\/li>\n<li>9 de setembro: Xjazz- Xisto, Portugal<\/li>\n<li>12 ao 17 de setembro: Musiberia, Serpa, Portugal<\/li>\n<li>21 de setembro: Festival Tensamba, Tenerife, Espanha<\/li>\n<li>22 de setembro: Festival Tensamba, Gran Canaria, Espanha<\/li>\n<li>24 de setembro: Festival Mar\u00e9,Santiago de Compostela, Espanha<\/li>\n<li>23 de outubro: Festival Mate, Coimbra, Portugal<\/li>\n<li>26 de outubro: Festival Womex, Galiza, Espanha<\/li>\n<\/ul>\n","protected":false},"excerpt":{"rendered":"<p>Com o apoio do Programa Iberm\u00fasicas, a acordeonista e cantautora L\u00edvia Mattos far\u00e1 turn\u00ea pela Espanha e Portugal, junto com a sua banda, divulgando o seu segundo \u00e1lbum \u00abApneia\u00bb. &nbsp; Nascida em Salvador\/BA, L\u00edvia Mattos \u00e9 acordeonista, cantautora, soci\u00f3loga e performer. Depois de muitos anos circulando nos trabalhos de artistas consagrados como Chico C\u00e9sar, Rosa [&hellip;]<\/p>\n","protected":false},"author":7,"featured_media":16692,"comment_status":"closed","ping_status":"closed","sticky":false,"template":"","format":"standard","meta":{"footnotes":""},"categories":[218],"tags":[],"class_list":["post-16694","post","type-post","status-publish","format-standard","has-post-thumbnail","hentry","category-noticias-generales-pt"],"lang":"pt","translations":{"pt":16694,"es":16691},"pll_sync_post":[],"post_mailing_queue_ids":[],"_links":{"self":[{"href":"http:\/\/staging.ibermusicas.org\/index.php\/wp-json\/wp\/v2\/posts\/16694","targetHints":{"allow":["GET"]}}],"collection":[{"href":"http:\/\/staging.ibermusicas.org\/index.php\/wp-json\/wp\/v2\/posts"}],"about":[{"href":"http:\/\/staging.ibermusicas.org\/index.php\/wp-json\/wp\/v2\/types\/post"}],"author":[{"embeddable":true,"href":"http:\/\/staging.ibermusicas.org\/index.php\/wp-json\/wp\/v2\/users\/7"}],"replies":[{"embeddable":true,"href":"http:\/\/staging.ibermusicas.org\/index.php\/wp-json\/wp\/v2\/comments?post=16694"}],"version-history":[{"count":1,"href":"http:\/\/staging.ibermusicas.org\/index.php\/wp-json\/wp\/v2\/posts\/16694\/revisions"}],"predecessor-version":[{"id":16695,"href":"http:\/\/staging.ibermusicas.org\/index.php\/wp-json\/wp\/v2\/posts\/16694\/revisions\/16695"}],"wp:featuredmedia":[{"embeddable":true,"href":"http:\/\/staging.ibermusicas.org\/index.php\/wp-json\/wp\/v2\/media\/16692"}],"wp:attachment":[{"href":"http:\/\/staging.ibermusicas.org\/index.php\/wp-json\/wp\/v2\/media?parent=16694"}],"wp:term":[{"taxonomy":"category","embeddable":true,"href":"http:\/\/staging.ibermusicas.org\/index.php\/wp-json\/wp\/v2\/categories?post=16694"},{"taxonomy":"post_tag","embeddable":true,"href":"http:\/\/staging.ibermusicas.org\/index.php\/wp-json\/wp\/v2\/tags?post=16694"}],"curies":[{"name":"wp","href":"https:\/\/api.w.org\/{rel}","templated":true}]}}