{"id":16859,"date":"2023-09-15T17:24:38","date_gmt":"2023-09-15T17:24:38","guid":{"rendered":"http:\/\/staging.ibermusicas.org\/?p=16859"},"modified":"2023-09-15T17:24:38","modified_gmt":"2023-09-15T17:24:38","slug":"do-mexico-david-lopez-luna-e-aldo-lombera-da-tramas-espacos-para-experimentacao-artistica-apresentam-entramadxs","status":"publish","type":"post","link":"http:\/\/staging.ibermusicas.org\/index.php\/do-mexico-david-lopez-luna-e-aldo-lombera-da-tramas-espacos-para-experimentacao-artistica-apresentam-entramadxs\/","title":{"rendered":"Do M\u00e9xico, David L\u00f3pez Luna e Aldo Lombera, da TRAMAS &#8211; espa\u00e7os para experimenta\u00e7\u00e3o art\u00edstica, apresentam ENTRAMADXS"},"content":{"rendered":"<p>ENTRAMADXS \u00e9 uma exposi\u00e7\u00e3o que consiste em tr\u00eas eventos virtuais durante os quais ser\u00e3o apresentadas as cria\u00e7\u00f5es audiovisuais coletivas desenvolvidas por Carlos Maldonado, Claudia Xcarett, Colectivo Hifa, Concepci\u00f3n Huerta, Felipe Gonz\u00e1lez, Infarto Colectivo, Joaqu\u00edn Cires, Laura Cruz, Mar\u00eda Jos\u00e9 Su\u00e1rez, Mica Trombini, Miguel Mel\u00e9ndez, Natalia Luzuriaga, Aldo Lombera e David L\u00f3pez Luna, durante o laborat\u00f3rio coletivo de cria\u00e7\u00e3o musical experimental.<\/p>\n<p>&nbsp;<\/p>\n<p>As cria\u00e7\u00f5es tiveram como ponto de partida v\u00e1rios temas: nossa rela\u00e7\u00e3o com a natureza, com os p\u00e1ssaros, bem como com os espa\u00e7os e suas cartografias; a explora\u00e7\u00e3o do corpo interior, da voz, dos sons urbanos ou da cozinha; a brincadeira e a inf\u00e2ncia; o contraste sonoro e afetivo de diferentes lugares; e a mem\u00f3ria e a medita\u00e7\u00e3o reflexiva sobre nosso futuro.<\/p>\n<p>&nbsp;<\/p>\n<p>O laborat\u00f3rio foi compartilhado, de mar\u00e7o a agosto, por David L\u00f3pez Luna e Aldo Lombera, coordenadores do TRAMAS &#8211; espacios de experimentaci\u00f3n art\u00edstica, com a participa\u00e7\u00e3o de Emilia Bahamonde Noriega, Jorge David Garc\u00eda, Mar Alzamora, Melissa Vargas Franco, Otto Castro e Santiago Astaburuaga, como participantes convidados do workshop.<\/p>\n<p>&nbsp;<\/p>\n<p>Este projeto \u00e9 apoiado pelo Iberm\u00fasicas atrav\u00e9s das suas Ajudas ao Sector Musical em Modalidade Virtual.<\/p>\n<p>&nbsp;<\/p>\n<p>28, 29 e 30 de setembro, 19h<\/p>\n<p><a href=\"https:\/\/www.youtube.com\/@tramas.espacios\/\">https:\/\/www.youtube.com\/@tramas.espacios\/<\/a><\/p>\n","protected":false},"excerpt":{"rendered":"<p>ENTRAMADXS \u00e9 uma exposi\u00e7\u00e3o que consiste em tr\u00eas eventos virtuais durante os quais ser\u00e3o apresentadas as cria\u00e7\u00f5es audiovisuais coletivas desenvolvidas por Carlos Maldonado, Claudia Xcarett, Colectivo Hifa, Concepci\u00f3n Huerta, Felipe Gonz\u00e1lez, Infarto Colectivo, Joaqu\u00edn Cires, Laura Cruz, Mar\u00eda Jos\u00e9 Su\u00e1rez, Mica Trombini, Miguel Mel\u00e9ndez, Natalia Luzuriaga, Aldo Lombera e David L\u00f3pez Luna, durante o laborat\u00f3rio [&hellip;]<\/p>\n","protected":false},"author":7,"featured_media":16857,"comment_status":"closed","ping_status":"closed","sticky":false,"template":"","format":"standard","meta":{"footnotes":""},"categories":[218],"tags":[],"class_list":["post-16859","post","type-post","status-publish","format-standard","has-post-thumbnail","hentry","category-noticias-generales-pt"],"lang":"pt","translations":{"pt":16859,"es":16856},"pll_sync_post":[],"post_mailing_queue_ids":[],"_links":{"self":[{"href":"http:\/\/staging.ibermusicas.org\/index.php\/wp-json\/wp\/v2\/posts\/16859","targetHints":{"allow":["GET"]}}],"collection":[{"href":"http:\/\/staging.ibermusicas.org\/index.php\/wp-json\/wp\/v2\/posts"}],"about":[{"href":"http:\/\/staging.ibermusicas.org\/index.php\/wp-json\/wp\/v2\/types\/post"}],"author":[{"embeddable":true,"href":"http:\/\/staging.ibermusicas.org\/index.php\/wp-json\/wp\/v2\/users\/7"}],"replies":[{"embeddable":true,"href":"http:\/\/staging.ibermusicas.org\/index.php\/wp-json\/wp\/v2\/comments?post=16859"}],"version-history":[{"count":1,"href":"http:\/\/staging.ibermusicas.org\/index.php\/wp-json\/wp\/v2\/posts\/16859\/revisions"}],"predecessor-version":[{"id":16860,"href":"http:\/\/staging.ibermusicas.org\/index.php\/wp-json\/wp\/v2\/posts\/16859\/revisions\/16860"}],"wp:featuredmedia":[{"embeddable":true,"href":"http:\/\/staging.ibermusicas.org\/index.php\/wp-json\/wp\/v2\/media\/16857"}],"wp:attachment":[{"href":"http:\/\/staging.ibermusicas.org\/index.php\/wp-json\/wp\/v2\/media?parent=16859"}],"wp:term":[{"taxonomy":"category","embeddable":true,"href":"http:\/\/staging.ibermusicas.org\/index.php\/wp-json\/wp\/v2\/categories?post=16859"},{"taxonomy":"post_tag","embeddable":true,"href":"http:\/\/staging.ibermusicas.org\/index.php\/wp-json\/wp\/v2\/tags?post=16859"}],"curies":[{"name":"wp","href":"https:\/\/api.w.org\/{rel}","templated":true}]}}