{"id":16899,"date":"2023-09-29T16:24:30","date_gmt":"2023-09-29T16:24:30","guid":{"rendered":"http:\/\/staging.ibermusicas.org\/?p=16899"},"modified":"2023-11-09T12:18:17","modified_gmt":"2023-11-09T12:18:17","slug":"a-data-de-encerramento-do-premio-ibermusicas-brasil-foi-prorrogada-ate-2-de-novembro","status":"publish","type":"post","link":"http:\/\/staging.ibermusicas.org\/index.php\/a-data-de-encerramento-do-premio-ibermusicas-brasil-foi-prorrogada-ate-2-de-novembro\/","title":{"rendered":"A data de encerramento do Pr\u00eamio Iberm\u00fasicas Brasil foi prorrogada at\u00e9 2 de novembro"},"content":{"rendered":"<p>O concurso, que tem como objetivo reconhecer o m\u00e9rito de iniciativas ou espa\u00e7os existentes que se tenham dedicado, ao longo dos anos, \u00e0 divulga\u00e7\u00e3o da m\u00fasica brasileira fora do territ\u00f3rio do Brasil e em qualquer parte do mundo, manter-se-\u00e1 aberto por mais um m\u00eas. A nova data de encerramento ser\u00e1 quinta-feira, 2 de novembro.<\/p>\n<p>&nbsp;<\/p>\n<p>Ser\u00e3o eleg\u00edveis as candidaturas que se enquadrem nas seguintes categorias:<\/p>\n<p>&nbsp;<\/p>\n<ul>\n<li>Categoria A &#8211; Festivais de m\u00fasica: festivais, mostras e ciclos dedicados exclusivamente \u00e0 divulga\u00e7\u00e3o da m\u00fasica brasileira ou que reservem um espa\u00e7o significativo para a m\u00fasica brasileira em sua programa\u00e7\u00e3o.<\/li>\n<\/ul>\n<p>&nbsp;<\/p>\n<ul>\n<li>Categoria B &#8211; Casas: casas de espet\u00e1culos, salas de concerto, teatros, palcos, espa\u00e7os musicais e centros culturais que realizem, com regularidade, espet\u00e1culos, concertos, oficinas e atividades de difus\u00e3o da m\u00fasica brasileira.<\/li>\n<\/ul>\n<p>&nbsp;<\/p>\n<ul>\n<li>Categoria C &#8211; Projetos editoriais: programas de r\u00e1dio, web r\u00e1dio, TV, web TV, podcasts, revistas e jornais (impressos ou digitais) que se dediquem \u00e0 divulga\u00e7\u00e3o da m\u00fasica brasileira de forma regular.<\/li>\n<\/ul>\n<p>&nbsp;<\/p>\n<p>As restantes convocat\u00f3rias do\u00a0 Programa Iberm\u00fasicas do ano de 2023 para atividades a realizar em 2024, encerraram na segunda-feira, 2 de outubro, tal como anunciado anteriormente.<\/p>\n","protected":false},"excerpt":{"rendered":"<p>O concurso, que tem como objetivo reconhecer o m\u00e9rito de iniciativas ou espa\u00e7os existentes que se tenham dedicado, ao longo dos anos, \u00e0 divulga\u00e7\u00e3o da m\u00fasica brasileira fora do territ\u00f3rio do Brasil e em qualquer parte do mundo, manter-se-\u00e1 aberto por mais um m\u00eas. A nova data de encerramento ser\u00e1 quinta-feira, 2 de novembro. &nbsp; [&hellip;]<\/p>\n","protected":false},"author":7,"featured_media":16897,"comment_status":"closed","ping_status":"closed","sticky":false,"template":"","format":"standard","meta":{"footnotes":""},"categories":[218],"tags":[],"class_list":["post-16899","post","type-post","status-publish","format-standard","has-post-thumbnail","hentry","category-noticias-generales-pt"],"lang":"pt","translations":{"pt":16899,"es":16896},"pll_sync_post":[],"post_mailing_queue_ids":[],"_links":{"self":[{"href":"http:\/\/staging.ibermusicas.org\/index.php\/wp-json\/wp\/v2\/posts\/16899","targetHints":{"allow":["GET"]}}],"collection":[{"href":"http:\/\/staging.ibermusicas.org\/index.php\/wp-json\/wp\/v2\/posts"}],"about":[{"href":"http:\/\/staging.ibermusicas.org\/index.php\/wp-json\/wp\/v2\/types\/post"}],"author":[{"embeddable":true,"href":"http:\/\/staging.ibermusicas.org\/index.php\/wp-json\/wp\/v2\/users\/7"}],"replies":[{"embeddable":true,"href":"http:\/\/staging.ibermusicas.org\/index.php\/wp-json\/wp\/v2\/comments?post=16899"}],"version-history":[{"count":1,"href":"http:\/\/staging.ibermusicas.org\/index.php\/wp-json\/wp\/v2\/posts\/16899\/revisions"}],"predecessor-version":[{"id":16900,"href":"http:\/\/staging.ibermusicas.org\/index.php\/wp-json\/wp\/v2\/posts\/16899\/revisions\/16900"}],"wp:featuredmedia":[{"embeddable":true,"href":"http:\/\/staging.ibermusicas.org\/index.php\/wp-json\/wp\/v2\/media\/16897"}],"wp:attachment":[{"href":"http:\/\/staging.ibermusicas.org\/index.php\/wp-json\/wp\/v2\/media?parent=16899"}],"wp:term":[{"taxonomy":"category","embeddable":true,"href":"http:\/\/staging.ibermusicas.org\/index.php\/wp-json\/wp\/v2\/categories?post=16899"},{"taxonomy":"post_tag","embeddable":true,"href":"http:\/\/staging.ibermusicas.org\/index.php\/wp-json\/wp\/v2\/tags?post=16899"}],"curies":[{"name":"wp","href":"https:\/\/api.w.org\/{rel}","templated":true}]}}