{"id":16910,"date":"2023-09-29T16:54:04","date_gmt":"2023-09-29T16:54:04","guid":{"rendered":"http:\/\/staging.ibermusicas.org\/?p=16910"},"modified":"2023-09-29T16:54:04","modified_gmt":"2023-09-29T16:54:04","slug":"a-grande-maestrina-venezuelana-loreley-perez-evora-actuara-em-chubut-e-santa-fe-na-argentina","status":"publish","type":"post","link":"http:\/\/staging.ibermusicas.org\/index.php\/a-grande-maestrina-venezuelana-loreley-perez-evora-actuara-em-chubut-e-santa-fe-na-argentina\/","title":{"rendered":"A grande maestrina venezuelana Loreley P\u00e9rez \u00c9vora actuar\u00e1 em Chubut e Santa F\u00e9, na Argentina"},"content":{"rendered":"<p>Designada no seu pa\u00eds como \u00abPatrim\u00f3nio Cultural Vivo\u00bb, a grande maestrina venezuelana Loreley P\u00e9rez \u00c9vora est\u00e1 em digress\u00e3o por v\u00e1rios locais na Argentina.<\/p>\n<p>&nbsp;<\/p>\n<p>Loreley P\u00e9rez \u00c9vora nasceu em Carayaca, em 1958, no seio de uma fam\u00edlia de m\u00fasicos populares (Voces Risue\u00f1as de Carayaca) e desde crian\u00e7a esteve em contacto com a m\u00fasica tradicional e folcl\u00f3rica, o que marcou a sua futura voca\u00e7\u00e3o. A sua carreira musical tem sido muito variada e abrangente. Para al\u00e9m do quatro, que come\u00e7ou a tocar aos 7 anos com Jos\u00e9 Mar\u00eda \u00c1lvarez, estudou formalmente bandolim na escola de m\u00fasica \u00abPablo Castellanos\u00bb com Iv\u00e1n Adler e formou-se como professora de percuss\u00e3o com Abelardo Mato. Tamb\u00e9m aprendeu sozinha a tocar a bandola llanera. Foi membro fundador do grupo Multifon\u00eda e do grupo Percusi\u00f3n Caracas. Integrou a Orquestra Sinf\u00f4nica Municipal de Caracas como membro da sec\u00e7\u00e3o de percuss\u00e3o, onde permaneceu at\u00e9 2008.<\/p>\n<p>&nbsp;<\/p>\n<p>Foi directora do Coral IUT capital, Coral de los Trabajadores de la Universidad Central de Venezuela, Coral Luis P\u00e9rez Padilla (Carayaca), Coral Tetracordes, Coro infantil del Banco de Venezuela e directora, desde 1982, do grupo \u00abVoces Risue\u00f1as de Carayaca\u00bb.<\/p>\n<p>&nbsp;<\/p>\n<p>Iniciou a sua carreira docente musical muito jovem como professora de m\u00fasica na Escola El Pardillo da sua cidade natal e \u00e9 a criadora da atual Escola T\u00e9cnica de Artes Voces de Carayaca. Desde 1981, \u00e9 arranjadora musical e produtora das grava\u00e7\u00f5es em L.P. e C.D. do grupo Voces Risue\u00f1as de Carayaca e participou em digress\u00f5es e outros eventos culturais diversos de car\u00e1cter internacional em pa\u00edses da Am\u00e9rica, Europa e \u00c1sia.<\/p>\n<p>&nbsp;<\/p>\n<p>Foi facilitadora e oradora em workshops de m\u00fasica tradicional e folcl\u00f3rica venezuelana no M\u00e9xico, Guatemala, Nicar\u00e1gua, Costa Rica, Argentina, Cuba, Peru, Brasil e \u00c1ustria.<\/p>\n<p>&nbsp;<\/p>\n<p>Em 2005 foi nomeada \u00abPatrim\u00f3nio Cultural Vivo\u00bb pelo Munic\u00edpio do Estado de Vargas. Em 2014, a Casa del Artista, concede-lhe um reconhecimento especial como uma das melhores \u00abQuatristas Mulheres\u00bb da Venezuela e \u00e9 nomeada \u00abMestra Honoraria\u00bb pelas autoridades da Universidad de las Artes.<\/p>\n<p>&nbsp;<\/p>\n<p>Esta digress\u00e3o \u00e9 poss\u00edvel gra\u00e7as ao apoio do Iberm\u00fasicas atrav\u00e9s das suas Ajudas ao sector musical para a circula\u00e7\u00e3o.<\/p>\n<p>&nbsp;<\/p>\n<ul>\n<li>Domingo, 1 de outubro, 15h: Garza Viajera, Calle Chiriguanas 355, Rada Tilly, Chubut, Argentina.<\/li>\n<li>Quinta-feira, 5 de outubro, 20h: Sala Ariel Ramirez, Estaci\u00f3n Belgrano, Planta Alta. Bv. G\u00e1lvez 1150, Santa F\u00e9, Argentina<\/li>\n<\/ul>\n","protected":false},"excerpt":{"rendered":"<p>Designada no seu pa\u00eds como \u00abPatrim\u00f3nio Cultural Vivo\u00bb, a grande maestrina venezuelana Loreley P\u00e9rez \u00c9vora est\u00e1 em digress\u00e3o por v\u00e1rios locais na Argentina. &nbsp; Loreley P\u00e9rez \u00c9vora nasceu em Carayaca, em 1958, no seio de uma fam\u00edlia de m\u00fasicos populares (Voces Risue\u00f1as de Carayaca) e desde crian\u00e7a esteve em contacto com a m\u00fasica tradicional e [&hellip;]<\/p>\n","protected":false},"author":7,"featured_media":16907,"comment_status":"closed","ping_status":"closed","sticky":false,"template":"","format":"standard","meta":{"footnotes":""},"categories":[218],"tags":[],"class_list":["post-16910","post","type-post","status-publish","format-standard","has-post-thumbnail","hentry","category-noticias-generales-pt"],"lang":"pt","translations":{"pt":16910,"es":16906},"pll_sync_post":[],"post_mailing_queue_ids":[],"_links":{"self":[{"href":"http:\/\/staging.ibermusicas.org\/index.php\/wp-json\/wp\/v2\/posts\/16910","targetHints":{"allow":["GET"]}}],"collection":[{"href":"http:\/\/staging.ibermusicas.org\/index.php\/wp-json\/wp\/v2\/posts"}],"about":[{"href":"http:\/\/staging.ibermusicas.org\/index.php\/wp-json\/wp\/v2\/types\/post"}],"author":[{"embeddable":true,"href":"http:\/\/staging.ibermusicas.org\/index.php\/wp-json\/wp\/v2\/users\/7"}],"replies":[{"embeddable":true,"href":"http:\/\/staging.ibermusicas.org\/index.php\/wp-json\/wp\/v2\/comments?post=16910"}],"version-history":[{"count":1,"href":"http:\/\/staging.ibermusicas.org\/index.php\/wp-json\/wp\/v2\/posts\/16910\/revisions"}],"predecessor-version":[{"id":16912,"href":"http:\/\/staging.ibermusicas.org\/index.php\/wp-json\/wp\/v2\/posts\/16910\/revisions\/16912"}],"wp:featuredmedia":[{"embeddable":true,"href":"http:\/\/staging.ibermusicas.org\/index.php\/wp-json\/wp\/v2\/media\/16907"}],"wp:attachment":[{"href":"http:\/\/staging.ibermusicas.org\/index.php\/wp-json\/wp\/v2\/media?parent=16910"}],"wp:term":[{"taxonomy":"category","embeddable":true,"href":"http:\/\/staging.ibermusicas.org\/index.php\/wp-json\/wp\/v2\/categories?post=16910"},{"taxonomy":"post_tag","embeddable":true,"href":"http:\/\/staging.ibermusicas.org\/index.php\/wp-json\/wp\/v2\/tags?post=16910"}],"curies":[{"name":"wp","href":"https:\/\/api.w.org\/{rel}","templated":true}]}}