{"id":16921,"date":"2023-09-29T17:11:16","date_gmt":"2023-09-29T17:11:16","guid":{"rendered":"http:\/\/staging.ibermusicas.org\/?p=16921"},"modified":"2023-10-30T14:39:52","modified_gmt":"2023-10-30T14:39:52","slug":"a-artista-argentina-cata-raybaud-inicia-uma-digressao-que-a-levara-a-diferentes-palcos-no-mexico","status":"publish","type":"post","link":"http:\/\/staging.ibermusicas.org\/index.php\/a-artista-argentina-cata-raybaud-inicia-uma-digressao-que-a-levara-a-diferentes-palcos-no-mexico\/","title":{"rendered":"A artista argentina Cata Raybaud inicia uma digress\u00e3o que a levar\u00e1 a diferentes palcos no M\u00e9xico"},"content":{"rendered":"<p>Cata Raybaud \u00e9 uma musicista e compositora de Buenos Aires, Argentina, com mais de uma d\u00e9cada de carreira que se move entre sons indie com um ar de folk, pop e uma bossa suave que a posicionou como uma das vozes femininas mais queridas na cena independente da Argentina e do resto da Am\u00e9rica Latina.<\/p>\n<p>&nbsp;<\/p>\n<p>A m\u00fasica sempre esteve na sua vida e ela fez dela o seu modo de vida: nos seus mais de dez anos de carreira a solo, lan\u00e7ou quatro LPs: \u00abDetr\u00e1s de lo que vieran\u00bb (2011), \u00abDeja que corra el agua\u00bb (2014), \u00abTribu\u00bb (2017) e \u00abEscorpio\u00bb (2022). Tem ainda dois EPs ao vivo e v\u00e1rios singles com colabora\u00e7\u00f5es com artistas como Kevin Johansen, Loli Molina, Ana Prada (Uruguai), Sol Pereyra e Marta G\u00f3mez (Col\u00f4mbia).<\/p>\n<p>&nbsp;<\/p>\n<p>Comp\u00f5e desde os 22 anos de idade, tendo sempre a can\u00e7\u00e3o como foco e como forma de express\u00e3o, para al\u00e9m dos g\u00e9neros. O seu estilo combina sonoridades ecl\u00e9ticas criando uma proposta musical fresca e inovadora.<\/p>\n<p>&nbsp;<\/p>\n<p>A sua m\u00fasica consegue juntar as suas paix\u00f5es e lampejos, os seus desejos e as suas arestas, numa fus\u00e3o t\u00e3o pessoal quanto magn\u00e9tica, abrindo um novo espetro composicional e fazendo dela uma das mais interessantes revela\u00e7\u00f5es do momento.<\/p>\n<p>&nbsp;<\/p>\n<p>Atualmente encontra-se em digress\u00e3o pela Europa, tocando em festivais como Sonorama (Espanha), Oslo Mela (Noruega), Festival Boreal (Tenerife) e v\u00e1rias participa\u00e7\u00f5es e concertos em diferentes pontos de Barcelona. Em outubro far\u00e1 a digress\u00e3o de apresenta\u00e7\u00e3o \u00abEscorpio\u00bb no M\u00e9xico.<\/p>\n<p>&nbsp;<\/p>\n<p>A digress\u00e3o de Cata Raybaud no M\u00e9xico foi poss\u00edvel gra\u00e7as ao apoio do Programa Iberm\u00fasicas atrav\u00e9s das suas Ajudas ao Sector Musical para a Circula\u00e7\u00e3o.<\/p>\n<p>&nbsp;<\/p>\n<p>&nbsp;<\/p>\n<ul>\n<li>3 de outubro, 21h00: Foro Indie Rocks, Cidade do M\u00e9xico<\/li>\n<li>4 de outubro, 21h00: Departamento, Cidade do M\u00e9xico<\/li>\n<li>6 de outubro, 21h00: El S\u00f3tano, Aguascalientes<\/li>\n<li>7 de outubro, 21h: Foro Paruno, Le\u00f3n<\/li>\n<li>14 de outubro, 21h: La Cueva, Cuernavaca<\/li>\n<\/ul>\n","protected":false},"excerpt":{"rendered":"<p>Cata Raybaud \u00e9 uma musicista e compositora de Buenos Aires, Argentina, com mais de uma d\u00e9cada de carreira que se move entre sons indie com um ar de folk, pop e uma bossa suave que a posicionou como uma das vozes femininas mais queridas na cena independente da Argentina e do resto da Am\u00e9rica Latina. [&hellip;]<\/p>\n","protected":false},"author":7,"featured_media":16919,"comment_status":"closed","ping_status":"closed","sticky":false,"template":"","format":"standard","meta":{"footnotes":""},"categories":[218],"tags":[],"class_list":["post-16921","post","type-post","status-publish","format-standard","has-post-thumbnail","hentry","category-noticias-generales-pt"],"lang":"pt","translations":{"pt":16921,"es":16918},"pll_sync_post":[],"post_mailing_queue_ids":[],"_links":{"self":[{"href":"http:\/\/staging.ibermusicas.org\/index.php\/wp-json\/wp\/v2\/posts\/16921","targetHints":{"allow":["GET"]}}],"collection":[{"href":"http:\/\/staging.ibermusicas.org\/index.php\/wp-json\/wp\/v2\/posts"}],"about":[{"href":"http:\/\/staging.ibermusicas.org\/index.php\/wp-json\/wp\/v2\/types\/post"}],"author":[{"embeddable":true,"href":"http:\/\/staging.ibermusicas.org\/index.php\/wp-json\/wp\/v2\/users\/7"}],"replies":[{"embeddable":true,"href":"http:\/\/staging.ibermusicas.org\/index.php\/wp-json\/wp\/v2\/comments?post=16921"}],"version-history":[{"count":1,"href":"http:\/\/staging.ibermusicas.org\/index.php\/wp-json\/wp\/v2\/posts\/16921\/revisions"}],"predecessor-version":[{"id":16922,"href":"http:\/\/staging.ibermusicas.org\/index.php\/wp-json\/wp\/v2\/posts\/16921\/revisions\/16922"}],"wp:featuredmedia":[{"embeddable":true,"href":"http:\/\/staging.ibermusicas.org\/index.php\/wp-json\/wp\/v2\/media\/16919"}],"wp:attachment":[{"href":"http:\/\/staging.ibermusicas.org\/index.php\/wp-json\/wp\/v2\/media?parent=16921"}],"wp:term":[{"taxonomy":"category","embeddable":true,"href":"http:\/\/staging.ibermusicas.org\/index.php\/wp-json\/wp\/v2\/categories?post=16921"},{"taxonomy":"post_tag","embeddable":true,"href":"http:\/\/staging.ibermusicas.org\/index.php\/wp-json\/wp\/v2\/tags?post=16921"}],"curies":[{"name":"wp","href":"https:\/\/api.w.org\/{rel}","templated":true}]}}