{"id":16931,"date":"2023-09-29T17:25:52","date_gmt":"2023-09-29T17:25:52","guid":{"rendered":"http:\/\/staging.ibermusicas.org\/?p=16931"},"modified":"2023-10-30T14:39:46","modified_gmt":"2023-10-30T14:39:46","slug":"a-companhia-de-opera-mexicana-nuestra-herencia-olvidada-leva-a-obra-de-cenobio-paniagua-a-espanha","status":"publish","type":"post","link":"http:\/\/staging.ibermusicas.org\/index.php\/a-companhia-de-opera-mexicana-nuestra-herencia-olvidada-leva-a-obra-de-cenobio-paniagua-a-espanha\/","title":{"rendered":"A companhia de \u00f3pera mexicana Nuestra Herencia Olvidada leva a obra de Cenobio Paniagua a Espanha"},"content":{"rendered":"<p>Ser\u00e1 feita a apresenta\u00e7\u00e3o nas cidades espanholas de Madrid, Barcelona e Granada do \u00e1lbum e do livro de partituras com as can\u00e7\u00f5es in\u00e9ditas do compositor mexicano Cenobio Paniagua (1821-1882), ambos produzidos pela companhia de \u00f3pera Nuestra Herencia Olvidada.<\/p>\n<p>&nbsp;<\/p>\n<p>Nuestra Herencia Olvidada surgiu em maio de 2019 da necessidade de dar maior visibilidade ao repert\u00f3rio da \u00f3pera mexicana, e rapidamente se posicionou como uma iniciativa l\u00edder no resgate, interpreta\u00e7\u00e3o e promo\u00e7\u00e3o do repert\u00f3rio mexicano in\u00e9dito.<\/p>\n<p>&nbsp;<\/p>\n<p>Foi selecionado para fazer parte do Laborat\u00f3rio de Iniciativas Culturales UNAM Piso 16, em 2020. Atrav\u00e9s dele, foram realizados dois projetos do Programa de Creadores Esc\u00e9nicos de la Secretar\u00eda de Apoyo a la Creaci\u00f3n y Proyectos Culturales. O seu trabalho tem sido comentado por v\u00e1rios meios de comunica\u00e7\u00e3o social, incluindo os jornais Reforma, La Jornada, Exc\u00e9lsior, Milenio, bem como o Canal 11, o Canal 22 e a TV UNAM.<\/p>\n<p>&nbsp;<\/p>\n<p>Para al\u00e9m da sua constante atividade art\u00edstica, a \u00d3peraNHO procura facilitar o acesso e o conhecimento da \u00f3pera mexicana, realizando diversas actividades de divulga\u00e7\u00e3o, como os Ciclos de Charlas de \u00d3pera Mexicana, que transmite atrav\u00e9s da sua p\u00e1gina de Facebook, e que tem contado com os testemunhos de especialistas em \u00f3pera mexicana, como Octavio Sosa, Olivia Gorra, \u00c1urea Maya e Ver\u00f3nica Mur\u00faa.<\/p>\n<p>&nbsp;<\/p>\n<p>Os membros de Nuestra Herencia Olvidada s\u00e3o: \u00c1urea Maya, doutora em Hist\u00f3ria da Arte; Ana Rosal\u00eda Ramos, soprano; Carlos Reynoso, bar\u00edtono e Fernando Saint Martin, piano.<\/p>\n<p>&nbsp;<\/p>\n<p>As apresenta\u00e7\u00f5es de Nuestra Herencia Olvidada em Espanha s\u00e3o poss\u00edveis gra\u00e7as ao apoio do Iberm\u00fasicas atrav\u00e9s das suas Ajudas ao Sector Musical para a Circula\u00e7\u00e3o.<\/p>\n<p>&nbsp;<\/p>\n<p>&nbsp;<\/p>\n<ul>\n<li>29 de setembro, 19:30h, Fundaci\u00f3n Casa de M\u00e9xico em Espanha<\/li>\n<li>3 de outubro, 18:30h: Aula Magna da Faculdade de Filosofia e Letras da Universidade de Granada.<\/li>\n<li>5 de outubro. 12:00h: Real Academia de Belas Artes de San Fernando<\/li>\n<li>9 de outubro, Sala da Orquestra do Conservat\u00f3rio do Liceu<\/li>\n<li>12 de outubro, 19:30h, Maison du Mexique, Paris, Fran\u00e7a<\/li>\n<\/ul>\n<p>&nbsp;<\/p>\n<p>A apresenta\u00e7\u00e3o de 29 de setembro, 19:30h, na Casa de M\u00e9xico en Espa\u00f1a, Madrid, pode ser seguida no Facebook e no YouTube:<\/p>\n<p><a href=\"https:\/\/www.facebook.com\/casademexicoenespana\">https:\/\/www.facebook.com\/casademexicoenespana<\/a><\/p>\n<p><a href=\"https:\/\/www.youtube.com\/@CasadeMexicoenEspana\">https:\/\/www.youtube.com\/@CasadeMexicoenEspana<\/a><\/p>\n<p>&nbsp;<\/p>\n","protected":false},"excerpt":{"rendered":"<p>Ser\u00e1 feita a apresenta\u00e7\u00e3o nas cidades espanholas de Madrid, Barcelona e Granada do \u00e1lbum e do livro de partituras com as can\u00e7\u00f5es in\u00e9ditas do compositor mexicano Cenobio Paniagua (1821-1882), ambos produzidos pela companhia de \u00f3pera Nuestra Herencia Olvidada. &nbsp; Nuestra Herencia Olvidada surgiu em maio de 2019 da necessidade de dar maior visibilidade ao repert\u00f3rio [&hellip;]<\/p>\n","protected":false},"author":7,"featured_media":16929,"comment_status":"closed","ping_status":"closed","sticky":false,"template":"","format":"standard","meta":{"footnotes":""},"categories":[218],"tags":[],"class_list":["post-16931","post","type-post","status-publish","format-standard","has-post-thumbnail","hentry","category-noticias-generales-pt"],"lang":"pt","translations":{"pt":16931,"es":16928},"pll_sync_post":[],"post_mailing_queue_ids":[],"_links":{"self":[{"href":"http:\/\/staging.ibermusicas.org\/index.php\/wp-json\/wp\/v2\/posts\/16931","targetHints":{"allow":["GET"]}}],"collection":[{"href":"http:\/\/staging.ibermusicas.org\/index.php\/wp-json\/wp\/v2\/posts"}],"about":[{"href":"http:\/\/staging.ibermusicas.org\/index.php\/wp-json\/wp\/v2\/types\/post"}],"author":[{"embeddable":true,"href":"http:\/\/staging.ibermusicas.org\/index.php\/wp-json\/wp\/v2\/users\/7"}],"replies":[{"embeddable":true,"href":"http:\/\/staging.ibermusicas.org\/index.php\/wp-json\/wp\/v2\/comments?post=16931"}],"version-history":[{"count":1,"href":"http:\/\/staging.ibermusicas.org\/index.php\/wp-json\/wp\/v2\/posts\/16931\/revisions"}],"predecessor-version":[{"id":16932,"href":"http:\/\/staging.ibermusicas.org\/index.php\/wp-json\/wp\/v2\/posts\/16931\/revisions\/16932"}],"wp:featuredmedia":[{"embeddable":true,"href":"http:\/\/staging.ibermusicas.org\/index.php\/wp-json\/wp\/v2\/media\/16929"}],"wp:attachment":[{"href":"http:\/\/staging.ibermusicas.org\/index.php\/wp-json\/wp\/v2\/media?parent=16931"}],"wp:term":[{"taxonomy":"category","embeddable":true,"href":"http:\/\/staging.ibermusicas.org\/index.php\/wp-json\/wp\/v2\/categories?post=16931"},{"taxonomy":"post_tag","embeddable":true,"href":"http:\/\/staging.ibermusicas.org\/index.php\/wp-json\/wp\/v2\/tags?post=16931"}],"curies":[{"name":"wp","href":"https:\/\/api.w.org\/{rel}","templated":true}]}}