{"id":16947,"date":"2023-09-29T17:51:32","date_gmt":"2023-09-29T17:51:32","guid":{"rendered":"http:\/\/staging.ibermusicas.org\/?p=16947"},"modified":"2023-10-30T14:39:12","modified_gmt":"2023-10-30T14:39:12","slug":"samambaia-a-casa-de-shows-de-lisboa-dedicada-a-musica-do-brasil-anuncia-seu-programa-para-o-mes-de-outubro","status":"publish","type":"post","link":"http:\/\/staging.ibermusicas.org\/index.php\/samambaia-a-casa-de-shows-de-lisboa-dedicada-a-musica-do-brasil-anuncia-seu-programa-para-o-mes-de-outubro\/","title":{"rendered":"Samambaia, a casa de shows de Lisboa dedicada \u00e0 m\u00fasica do Brasil, anuncia seu programa para o m\u00eas de outubro"},"content":{"rendered":"<p>Samambaia tem sido uma das iniciativas vencedoras do Pr\u00eamio Brasil Iberm\u00fasicas 2022. A casa de shows Samambaia funciona h\u00e1 dois anos, na Gra\u00e7a, bairro bo\u00eamio de Lisboa, tendo se tornado um ponto de refer\u00eancia e resist\u00eancia da m\u00fasica brasileira em Portugal. O Samambaia surgiu como uma oportunidade rara de dar palco aos artistas brasileiros residentes em Portugal e agora aos que passam por Lisboa em turn\u00eas pela Europa. Local querido pelos m\u00fasicos &#8211; que o adotaram desde a primeira hora, promovendo jam sessions j\u00e1 memor\u00e1veis &#8211; e tamb\u00e9m do p\u00fablico, que o elegeu como melhor bar do ano no concurso \u201cLove Local Awards\u201d promovido pela revista Time Out.<\/p>\n<p>&nbsp;<\/p>\n<p>O conceito do Samambaia surgiu da percep\u00e7\u00e3o das s\u00f3cias, Amanda Menezes e Andr\u00e9a Zamorano, de que faltava um espa\u00e7o exclusivo para a m\u00fasica brasileira alternativa e de qualidade em Lisboa. Aberto em 2020, em plena pandemia, o Samambaia nasceu com o prop\u00f3sito de dar palco aos artistas brasileiros, residentes em Portugal, que naquele momento estavam impedidos de viajar, bem como de promover a cultura brasileira al\u00e9m fronteiras.<\/p>\n<p>&nbsp;<\/p>\n<p><strong>\u00a0<\/strong><\/p>\n<ul>\n<li>Sexta-feira 6 de outubro, 21h: MPB com Udi em Tr\u00e2nsito<\/li>\n<li>Sexta-feira 13 de outubro, 21h: MPB com Ana Costa<\/li>\n<li>S\u00e1bado 14 de outubro, 20h: Tributo a Rita Lee com Banda Fruto Proibido<\/li>\n<li>Sexta-feira 20 de outubro, 21h: MPB com Alessandra Le\u00e3o<\/li>\n<li>S\u00e1bado 21 de outubro, 20h: Som da Bahia com Dend\u00ea e Banda<\/li>\n<li>Sexta-feira 27 de outubro, 20h: Roda de Santo<\/li>\n<li>S\u00e1bado 28 de outubro, 20h: Samba com Nani Medeiros<\/li>\n<\/ul>\n<p>&nbsp;<\/p>\n<p>Rua da Voz do Oper\u00e1rio, 13 Gra\u00e7a, Lisboa, Portugal<\/p>\n<p>reservas@samambaia.pt, Whatsapp +351914312355<\/p>\n","protected":false},"excerpt":{"rendered":"<p>Samambaia tem sido uma das iniciativas vencedoras do Pr\u00eamio Brasil Iberm\u00fasicas 2022. A casa de shows Samambaia funciona h\u00e1 dois anos, na Gra\u00e7a, bairro bo\u00eamio de Lisboa, tendo se tornado um ponto de refer\u00eancia e resist\u00eancia da m\u00fasica brasileira em Portugal. O Samambaia surgiu como uma oportunidade rara de dar palco aos artistas brasileiros residentes [&hellip;]<\/p>\n","protected":false},"author":7,"featured_media":16945,"comment_status":"closed","ping_status":"closed","sticky":false,"template":"","format":"standard","meta":{"footnotes":""},"categories":[218],"tags":[],"class_list":["post-16947","post","type-post","status-publish","format-standard","has-post-thumbnail","hentry","category-noticias-generales-pt"],"lang":"pt","translations":{"pt":16947,"es":16944},"pll_sync_post":[],"post_mailing_queue_ids":[],"_links":{"self":[{"href":"http:\/\/staging.ibermusicas.org\/index.php\/wp-json\/wp\/v2\/posts\/16947","targetHints":{"allow":["GET"]}}],"collection":[{"href":"http:\/\/staging.ibermusicas.org\/index.php\/wp-json\/wp\/v2\/posts"}],"about":[{"href":"http:\/\/staging.ibermusicas.org\/index.php\/wp-json\/wp\/v2\/types\/post"}],"author":[{"embeddable":true,"href":"http:\/\/staging.ibermusicas.org\/index.php\/wp-json\/wp\/v2\/users\/7"}],"replies":[{"embeddable":true,"href":"http:\/\/staging.ibermusicas.org\/index.php\/wp-json\/wp\/v2\/comments?post=16947"}],"version-history":[{"count":1,"href":"http:\/\/staging.ibermusicas.org\/index.php\/wp-json\/wp\/v2\/posts\/16947\/revisions"}],"predecessor-version":[{"id":16948,"href":"http:\/\/staging.ibermusicas.org\/index.php\/wp-json\/wp\/v2\/posts\/16947\/revisions\/16948"}],"wp:featuredmedia":[{"embeddable":true,"href":"http:\/\/staging.ibermusicas.org\/index.php\/wp-json\/wp\/v2\/media\/16945"}],"wp:attachment":[{"href":"http:\/\/staging.ibermusicas.org\/index.php\/wp-json\/wp\/v2\/media?parent=16947"}],"wp:term":[{"taxonomy":"category","embeddable":true,"href":"http:\/\/staging.ibermusicas.org\/index.php\/wp-json\/wp\/v2\/categories?post=16947"},{"taxonomy":"post_tag","embeddable":true,"href":"http:\/\/staging.ibermusicas.org\/index.php\/wp-json\/wp\/v2\/tags?post=16947"}],"curies":[{"name":"wp","href":"https:\/\/api.w.org\/{rel}","templated":true}]}}