{"id":16963,"date":"2023-09-29T18:21:26","date_gmt":"2023-09-29T18:21:26","guid":{"rendered":"http:\/\/staging.ibermusicas.org\/?p=16963"},"modified":"2023-10-30T14:37:37","modified_gmt":"2023-10-30T14:37:37","slug":"a-artista-chilena-veronica-jara-actuara-em-duas-cidades-argentinas","status":"publish","type":"post","link":"http:\/\/staging.ibermusicas.org\/index.php\/a-artista-chilena-veronica-jara-actuara-em-duas-cidades-argentinas\/","title":{"rendered":"A artista chilena Ver\u00f3nica Jara actuar\u00e1 em duas cidades argentinas"},"content":{"rendered":"<p>A autora, compositora, int\u00e9rprete e professora chilena Ver\u00f3nica Jara realizar\u00e1 em outubro um workshop musical no Conservat\u00f3rio Manuel De Falla, em Buenos Aires, e actuar\u00e1 tamb\u00e9m no Festival Sonamos Latinoam\u00e9rica, na prov\u00edncia de Santa F\u00e9.<\/p>\n<p>&nbsp;<\/p>\n<p>Na sua oficina, trabalhar\u00e1 sobre a m\u00fasica folcl\u00f3rica do seu pa\u00eds e a presen\u00e7a de ritmos e instrumentos estrangeiros que se enraizaram na m\u00fasica chilena. Apresentar\u00e1 tamb\u00e9m composi\u00e7\u00f5es da sua autoria, bem como m\u00fasica tradicional. Tamb\u00e9m partilhar\u00e1 m\u00fasica com a not\u00e1vel pianista, compositora e professora argentina Marina Ruiz Matta.<\/p>\n<p>&nbsp;<\/p>\n<p>As actua\u00e7\u00f5es de Ver\u00f3nica Jara na Argentina s\u00e3o apoiadas pelo Programa Iberm\u00fasicas atrav\u00e9s das suas Ajudas ao Sector Musical para Circula\u00e7\u00e3o.<\/p>\n<p>&nbsp;<\/p>\n<ul>\n<li>10 e 11 de outubro: Conservat\u00f3rio Manuel de Falla, Cidade de Buenos Aires, Argentina.<\/li>\n<\/ul>\n<p>12 a 15 de outubro: XVIII vers\u00e3o do Festival Sonamos Latinoam\u00e9rica na cidade de Santa F\u00e9, Argentina.<\/p>\n","protected":false},"excerpt":{"rendered":"<p>A autora, compositora, int\u00e9rprete e professora chilena Ver\u00f3nica Jara realizar\u00e1 em outubro um workshop musical no Conservat\u00f3rio Manuel De Falla, em Buenos Aires, e actuar\u00e1 tamb\u00e9m no Festival Sonamos Latinoam\u00e9rica, na prov\u00edncia de Santa F\u00e9. &nbsp; Na sua oficina, trabalhar\u00e1 sobre a m\u00fasica folcl\u00f3rica do seu pa\u00eds e a presen\u00e7a de ritmos e instrumentos estrangeiros [&hellip;]<\/p>\n","protected":false},"author":7,"featured_media":16961,"comment_status":"closed","ping_status":"closed","sticky":false,"template":"","format":"standard","meta":{"footnotes":""},"categories":[218],"tags":[],"class_list":["post-16963","post","type-post","status-publish","format-standard","has-post-thumbnail","hentry","category-noticias-generales-pt"],"lang":"pt","translations":{"pt":16963,"es":16960},"pll_sync_post":[],"post_mailing_queue_ids":[],"_links":{"self":[{"href":"http:\/\/staging.ibermusicas.org\/index.php\/wp-json\/wp\/v2\/posts\/16963","targetHints":{"allow":["GET"]}}],"collection":[{"href":"http:\/\/staging.ibermusicas.org\/index.php\/wp-json\/wp\/v2\/posts"}],"about":[{"href":"http:\/\/staging.ibermusicas.org\/index.php\/wp-json\/wp\/v2\/types\/post"}],"author":[{"embeddable":true,"href":"http:\/\/staging.ibermusicas.org\/index.php\/wp-json\/wp\/v2\/users\/7"}],"replies":[{"embeddable":true,"href":"http:\/\/staging.ibermusicas.org\/index.php\/wp-json\/wp\/v2\/comments?post=16963"}],"version-history":[{"count":1,"href":"http:\/\/staging.ibermusicas.org\/index.php\/wp-json\/wp\/v2\/posts\/16963\/revisions"}],"predecessor-version":[{"id":16964,"href":"http:\/\/staging.ibermusicas.org\/index.php\/wp-json\/wp\/v2\/posts\/16963\/revisions\/16964"}],"wp:featuredmedia":[{"embeddable":true,"href":"http:\/\/staging.ibermusicas.org\/index.php\/wp-json\/wp\/v2\/media\/16961"}],"wp:attachment":[{"href":"http:\/\/staging.ibermusicas.org\/index.php\/wp-json\/wp\/v2\/media?parent=16963"}],"wp:term":[{"taxonomy":"category","embeddable":true,"href":"http:\/\/staging.ibermusicas.org\/index.php\/wp-json\/wp\/v2\/categories?post=16963"},{"taxonomy":"post_tag","embeddable":true,"href":"http:\/\/staging.ibermusicas.org\/index.php\/wp-json\/wp\/v2\/tags?post=16963"}],"curies":[{"name":"wp","href":"https:\/\/api.w.org\/{rel}","templated":true}]}}