{"id":16973,"date":"2023-09-29T18:41:24","date_gmt":"2023-09-29T18:41:24","guid":{"rendered":"http:\/\/staging.ibermusicas.org\/?p=16973"},"modified":"2023-10-30T14:37:25","modified_gmt":"2023-10-30T14:37:25","slug":"a-cantora-e-compositora-chilena-rocio-pena-inicia-a-sua-digressao-viento-sur-que-a-levara-a-varios-locais-do-mexico","status":"publish","type":"post","link":"http:\/\/staging.ibermusicas.org\/index.php\/a-cantora-e-compositora-chilena-rocio-pena-inicia-a-sua-digressao-viento-sur-que-a-levara-a-varios-locais-do-mexico\/","title":{"rendered":"A cantora e compositora chilena Roc\u00edo Pe\u00f1a inicia a sua digress\u00e3o Viento Sur, que a levar\u00e1 a v\u00e1rios locais do M\u00e9xico"},"content":{"rendered":"<p>Roc\u00edo Pe\u00f1a regressa ao M\u00e9xico, que desde h\u00e1 alguns anos se converteu na sua segunda casa, para atuar em palcos inexplorados e chegar a outros ouvidos com o trabalho que desenvolveu durante os \u00faltimos 15 anos da sua carreira. Nesta ocasi\u00e3o, regressar\u00e1 a diferentes f\u00f3runs e festivais do pa\u00eds com o objetivo de partilhar e criar uma comunidade com o p\u00fablico caloroso e a rede de talentos com que a artista se sente identificada.<\/p>\n<p>&nbsp;<\/p>\n<p>Roc\u00edo Pe\u00f1a lan\u00e7ou 4 \u00e1lbuns: LP Atardecer (2009) e tr\u00eas EPS; Roc\u00edo Pe\u00f1a (2008), Memoria y Canci\u00f3n en Pichi-Ropulli (2017) e Del Trueno (2020), todos dispon\u00edveis em plataformas digitais. \u00c9 co-fundadora e directora do Festival Internacional de Mulheres M\u00fasicas em Concepci\u00f3n (Chile) e professora de voz do m\u00e9todo Fitzmaurice Voicework.<\/p>\n<p>&nbsp;<\/p>\n<p>Nesta visita ao M\u00e9xico haver\u00e1 actua\u00e7\u00f5es ao vivo e workshops de voz. Roc\u00edo Pe\u00f1a ser\u00e1 acompanhada por uma nova banda, composta por Fernando Ra\u00edn na guitarra, Pablo Vidal no baixo e V\u00edctor Henr\u00edque na bateria.<\/p>\n<p>&nbsp;<\/p>\n<p>Viento Sur, Gira M\u00e9xico 2023 \u00e9 apoiado pelo Iberm\u00fasicas atrav\u00e9s das suas bolsas de Circula\u00e7\u00e3o Ibero-Americana, convocat\u00f3ria 2022. A digress\u00e3o percorrer\u00e1 a Cidade do M\u00e9xico, Estado do M\u00e9xico, Aguascalientes e Colima.<\/p>\n<p>&nbsp;<\/p>\n<ul>\n<li>S\u00e1bado, 14 de outubro: Workshop de Voz, El Barco Utopia, Iztapalapa, Cidade do M\u00e9xico<\/li>\n<li>S\u00e1bado, 14 de outubro: Festival Quimera, Metepec, Estado do M\u00e9xico<\/li>\n<li>S\u00e1bado, 21 de outubro: Centro Cultural Anahuac, Cidade do M\u00e9xico, Estado do M\u00e9xico<\/li>\n<li>Sexta-feira, 27 de outubro: Festival Mitote del Mictl\u00e1n, Ocoyoacac, Estado do M\u00e9xico<\/li>\n<li>Ter\u00e7a-feira, 24 de outubro: Grava\u00e7\u00e3o Radio Educaci\u00f3n<\/li>\n<li>S\u00e1bado, 4 de novembro: Noite de cantores e compositores no FREIMS, Cidade do M\u00e9xico<\/li>\n<\/ul>\n","protected":false},"excerpt":{"rendered":"<p>Roc\u00edo Pe\u00f1a regressa ao M\u00e9xico, que desde h\u00e1 alguns anos se converteu na sua segunda casa, para atuar em palcos inexplorados e chegar a outros ouvidos com o trabalho que desenvolveu durante os \u00faltimos 15 anos da sua carreira. Nesta ocasi\u00e3o, regressar\u00e1 a diferentes f\u00f3runs e festivais do pa\u00eds com o objetivo de partilhar e [&hellip;]<\/p>\n","protected":false},"author":7,"featured_media":16971,"comment_status":"closed","ping_status":"closed","sticky":false,"template":"","format":"standard","meta":{"footnotes":""},"categories":[218],"tags":[],"class_list":["post-16973","post","type-post","status-publish","format-standard","has-post-thumbnail","hentry","category-noticias-generales-pt"],"lang":"pt","translations":{"pt":16973,"es":16970},"pll_sync_post":[],"post_mailing_queue_ids":[],"_links":{"self":[{"href":"http:\/\/staging.ibermusicas.org\/index.php\/wp-json\/wp\/v2\/posts\/16973","targetHints":{"allow":["GET"]}}],"collection":[{"href":"http:\/\/staging.ibermusicas.org\/index.php\/wp-json\/wp\/v2\/posts"}],"about":[{"href":"http:\/\/staging.ibermusicas.org\/index.php\/wp-json\/wp\/v2\/types\/post"}],"author":[{"embeddable":true,"href":"http:\/\/staging.ibermusicas.org\/index.php\/wp-json\/wp\/v2\/users\/7"}],"replies":[{"embeddable":true,"href":"http:\/\/staging.ibermusicas.org\/index.php\/wp-json\/wp\/v2\/comments?post=16973"}],"version-history":[{"count":1,"href":"http:\/\/staging.ibermusicas.org\/index.php\/wp-json\/wp\/v2\/posts\/16973\/revisions"}],"predecessor-version":[{"id":16974,"href":"http:\/\/staging.ibermusicas.org\/index.php\/wp-json\/wp\/v2\/posts\/16973\/revisions\/16974"}],"wp:featuredmedia":[{"embeddable":true,"href":"http:\/\/staging.ibermusicas.org\/index.php\/wp-json\/wp\/v2\/media\/16971"}],"wp:attachment":[{"href":"http:\/\/staging.ibermusicas.org\/index.php\/wp-json\/wp\/v2\/media?parent=16973"}],"wp:term":[{"taxonomy":"category","embeddable":true,"href":"http:\/\/staging.ibermusicas.org\/index.php\/wp-json\/wp\/v2\/categories?post=16973"},{"taxonomy":"post_tag","embeddable":true,"href":"http:\/\/staging.ibermusicas.org\/index.php\/wp-json\/wp\/v2\/tags?post=16973"}],"curies":[{"name":"wp","href":"https:\/\/api.w.org\/{rel}","templated":true}]}}