{"id":16983,"date":"2023-09-29T18:48:05","date_gmt":"2023-09-29T18:48:05","guid":{"rendered":"http:\/\/staging.ibermusicas.org\/?p=16983"},"modified":"2023-10-30T14:37:11","modified_gmt":"2023-10-30T14:37:11","slug":"el-acordeonista-chileno-matias-rojas-invita-a-su-taller-de-acordeon-brasileno-2","status":"publish","type":"post","link":"http:\/\/staging.ibermusicas.org\/index.php\/el-acordeonista-chileno-matias-rojas-invita-a-su-taller-de-acordeon-brasileno-2\/","title":{"rendered":"El acordeonista chileno Mat\u00edas Rojas invita a su taller de acorde\u00f3n brasile\u00f1o"},"content":{"rendered":"<p><strong>O acordeonista chileno Mat\u00edas Rojas convida para a sua oficina de acorde\u00e3o brasileiro<\/strong><\/p>\n<p>&nbsp;<\/p>\n<p>&nbsp;<\/p>\n<p>O acordeonista chileno Mat\u00edas Rojas partilhar\u00e1 os conhecimentos adquiridos durante a sua especializa\u00e7\u00e3o com o grande acordeonista brasileiro Toninho Ferragutti no \u00e2mbito das Ajudas de especializa\u00e7\u00e3o e aperfei\u00e7oamento art\u00edstico e t\u00e9cnico do sector musical atribu\u00eddas pelo Programa Iberm\u00fasicas.<\/p>\n<p>&nbsp;<\/p>\n<ul>\n<li>Sess\u00e3o I: Trabalho sobre o mecanismo e a t\u00e9cnica do instrumento. Manuseamento natural de escalas, arpejos, campo harm\u00f4nico, invers\u00f5es de baixo, acordes compostos e manuseamento do fole.<\/li>\n<\/ul>\n<p>&nbsp;<\/p>\n<ul>\n<li>Sess\u00e3o II: Ser\u00e1 estudada uma m\u00fasica inicial para aplicar os elementos vistos na primeira sess\u00e3o, para visualizar o uso dos elementos t\u00e9cnicos aplicados num repert\u00f3rio, tamb\u00e9m ser\u00e3o expostos diferentes tipos de acompanhamentos, baseados nas claves da m\u00fasica instrumental brasileira; Chorinho, Choro Sambado, Samba Choro.<\/li>\n<\/ul>\n<p>&nbsp;<\/p>\n<ul>\n<li>\u00abRoda de Choro\u00bb: Ser\u00e1 realizada uma \u00abRoda de Choro\u00bb, convidando diferentes instrumentistas para um encontro musical tipicamente brasileiro, onde ser\u00e1 tocado um repert\u00f3rio de m\u00fasica instrumental e ser\u00e1 aplicado o material abordado durante as primeiras sess\u00f5es.<\/li>\n<\/ul>\n<p>&nbsp;<\/p>\n<p>S\u00e1bado, 14 de outubro, das 11 \u00e0s 14h.<\/p>\n<p>Instituto Chileno do Acorde\u00e3o<\/p>\n<p>Licenciado Las Pe\u00f1as 5141, \u00d1u\u00f1oa<\/p>\n<p>inscri\u00e7\u00e3o: mati.fuelles@gmail.com<\/p>\n","protected":false},"excerpt":{"rendered":"<p>O acordeonista chileno Mat\u00edas Rojas convida para a sua oficina de acorde\u00e3o brasileiro &nbsp; &nbsp; O acordeonista chileno Mat\u00edas Rojas partilhar\u00e1 os conhecimentos adquiridos durante a sua especializa\u00e7\u00e3o com o grande acordeonista brasileiro Toninho Ferragutti no \u00e2mbito das Ajudas de especializa\u00e7\u00e3o e aperfei\u00e7oamento art\u00edstico e t\u00e9cnico do sector musical atribu\u00eddas pelo Programa Iberm\u00fasicas. &nbsp; Sess\u00e3o [&hellip;]<\/p>\n","protected":false},"author":7,"featured_media":16981,"comment_status":"closed","ping_status":"closed","sticky":false,"template":"","format":"standard","meta":{"footnotes":""},"categories":[218],"tags":[],"class_list":["post-16983","post","type-post","status-publish","format-standard","has-post-thumbnail","hentry","category-noticias-generales-pt"],"lang":"pt","translations":{"pt":16983,"es":16980},"pll_sync_post":[],"post_mailing_queue_ids":[],"_links":{"self":[{"href":"http:\/\/staging.ibermusicas.org\/index.php\/wp-json\/wp\/v2\/posts\/16983","targetHints":{"allow":["GET"]}}],"collection":[{"href":"http:\/\/staging.ibermusicas.org\/index.php\/wp-json\/wp\/v2\/posts"}],"about":[{"href":"http:\/\/staging.ibermusicas.org\/index.php\/wp-json\/wp\/v2\/types\/post"}],"author":[{"embeddable":true,"href":"http:\/\/staging.ibermusicas.org\/index.php\/wp-json\/wp\/v2\/users\/7"}],"replies":[{"embeddable":true,"href":"http:\/\/staging.ibermusicas.org\/index.php\/wp-json\/wp\/v2\/comments?post=16983"}],"version-history":[{"count":1,"href":"http:\/\/staging.ibermusicas.org\/index.php\/wp-json\/wp\/v2\/posts\/16983\/revisions"}],"predecessor-version":[{"id":16984,"href":"http:\/\/staging.ibermusicas.org\/index.php\/wp-json\/wp\/v2\/posts\/16983\/revisions\/16984"}],"wp:featuredmedia":[{"embeddable":true,"href":"http:\/\/staging.ibermusicas.org\/index.php\/wp-json\/wp\/v2\/media\/16981"}],"wp:attachment":[{"href":"http:\/\/staging.ibermusicas.org\/index.php\/wp-json\/wp\/v2\/media?parent=16983"}],"wp:term":[{"taxonomy":"category","embeddable":true,"href":"http:\/\/staging.ibermusicas.org\/index.php\/wp-json\/wp\/v2\/categories?post=16983"},{"taxonomy":"post_tag","embeddable":true,"href":"http:\/\/staging.ibermusicas.org\/index.php\/wp-json\/wp\/v2\/tags?post=16983"}],"curies":[{"name":"wp","href":"https:\/\/api.w.org\/{rel}","templated":true}]}}