{"id":17043,"date":"2023-10-11T19:28:02","date_gmt":"2023-10-11T19:28:02","guid":{"rendered":"http:\/\/staging.ibermusicas.org\/?p=17043"},"modified":"2023-10-30T14:36:52","modified_gmt":"2023-10-30T14:36:52","slug":"a-rios-rede-iberoamericana-de-orquestras-sinfonicas-esta-a-realizar-uma-formacao-em-producao-audiovisual","status":"publish","type":"post","link":"http:\/\/staging.ibermusicas.org\/index.php\/a-rios-rede-iberoamericana-de-orquestras-sinfonicas-esta-a-realizar-uma-formacao-em-producao-audiovisual\/","title":{"rendered":"A RIOS, Rede Iberoamericana de Orquestras Sinf\u00f3nicas, est\u00e1 a realizar uma forma\u00e7\u00e3o em Produ\u00e7\u00e3o Audiovisual"},"content":{"rendered":"<p>Iniciou-se a forma\u00e7\u00e3o em Produ\u00e7\u00e3o Audiovisual e Transmiss\u00e3o de grava\u00e7\u00f5es audiovisuais pela equipa da Orquestra Filarm\u00f3nica da Universidade Nacional Aut\u00f3noma do M\u00e9xico. Os pr\u00f3ximos encontros realizar-se-\u00e3o na quinta-feira 26 e na sexta-feira 27 de outubro com Gabriel Casta\u00f1\u00f3n e centrar-se-\u00e3o no \u00e1udio. As inscri\u00e7\u00f5es est\u00e3o abertas. A atividade \u00e9 gratuita e ser\u00e3o emitidos certificados de participa\u00e7\u00e3o.<\/p>\n<p>&nbsp;<\/p>\n<p>Ministrado por: Valeria Palomino, Francis Palomares, Carlos Fonseca e Gabriel Casta\u00f1\u00f3n.<\/p>\n<p><strong>\u00a0<\/strong><\/p>\n<p>Inscri\u00e7\u00e3o: http:\/\/staging.ibermusicas.org\/index.php\/rios-convocatorias-proyectos\/<\/p>\n","protected":false},"excerpt":{"rendered":"<p>Iniciou-se a forma\u00e7\u00e3o em Produ\u00e7\u00e3o Audiovisual e Transmiss\u00e3o de grava\u00e7\u00f5es audiovisuais pela equipa da Orquestra Filarm\u00f3nica da Universidade Nacional Aut\u00f3noma do M\u00e9xico. Os pr\u00f3ximos encontros realizar-se-\u00e3o na quinta-feira 26 e na sexta-feira 27 de outubro com Gabriel Casta\u00f1\u00f3n e centrar-se-\u00e3o no \u00e1udio. As inscri\u00e7\u00f5es est\u00e3o abertas. A atividade \u00e9 gratuita e ser\u00e3o emitidos certificados de [&hellip;]<\/p>\n","protected":false},"author":7,"featured_media":17041,"comment_status":"closed","ping_status":"closed","sticky":false,"template":"","format":"standard","meta":{"footnotes":""},"categories":[218],"tags":[],"class_list":["post-17043","post","type-post","status-publish","format-standard","has-post-thumbnail","hentry","category-noticias-generales-pt"],"lang":"pt","translations":{"pt":17043,"es":17040},"pll_sync_post":[],"post_mailing_queue_ids":[],"_links":{"self":[{"href":"http:\/\/staging.ibermusicas.org\/index.php\/wp-json\/wp\/v2\/posts\/17043","targetHints":{"allow":["GET"]}}],"collection":[{"href":"http:\/\/staging.ibermusicas.org\/index.php\/wp-json\/wp\/v2\/posts"}],"about":[{"href":"http:\/\/staging.ibermusicas.org\/index.php\/wp-json\/wp\/v2\/types\/post"}],"author":[{"embeddable":true,"href":"http:\/\/staging.ibermusicas.org\/index.php\/wp-json\/wp\/v2\/users\/7"}],"replies":[{"embeddable":true,"href":"http:\/\/staging.ibermusicas.org\/index.php\/wp-json\/wp\/v2\/comments?post=17043"}],"version-history":[{"count":1,"href":"http:\/\/staging.ibermusicas.org\/index.php\/wp-json\/wp\/v2\/posts\/17043\/revisions"}],"predecessor-version":[{"id":17044,"href":"http:\/\/staging.ibermusicas.org\/index.php\/wp-json\/wp\/v2\/posts\/17043\/revisions\/17044"}],"wp:featuredmedia":[{"embeddable":true,"href":"http:\/\/staging.ibermusicas.org\/index.php\/wp-json\/wp\/v2\/media\/17041"}],"wp:attachment":[{"href":"http:\/\/staging.ibermusicas.org\/index.php\/wp-json\/wp\/v2\/media?parent=17043"}],"wp:term":[{"taxonomy":"category","embeddable":true,"href":"http:\/\/staging.ibermusicas.org\/index.php\/wp-json\/wp\/v2\/categories?post=17043"},{"taxonomy":"post_tag","embeddable":true,"href":"http:\/\/staging.ibermusicas.org\/index.php\/wp-json\/wp\/v2\/tags?post=17043"}],"curies":[{"name":"wp","href":"https:\/\/api.w.org\/{rel}","templated":true}]}}