{"id":17045,"date":"2023-10-11T19:30:49","date_gmt":"2023-10-11T19:30:49","guid":{"rendered":"http:\/\/staging.ibermusicas.org\/?p=17045"},"modified":"2023-10-30T14:04:42","modified_gmt":"2023-10-30T14:04:42","slug":"fronteras-el-proyecto-especial-de-la-secretaria-de-gestion-cultural-del-ministerio-de-cultura-de-argentina-invita-a-una-serie-de-intervenciones-artisticas-y-culturales-en-concordia-provincia-de-entr","status":"publish","type":"post","link":"http:\/\/staging.ibermusicas.org\/index.php\/fronteras-el-proyecto-especial-de-la-secretaria-de-gestion-cultural-del-ministerio-de-cultura-de-argentina-invita-a-una-serie-de-intervenciones-artisticas-y-culturales-en-concordia-provincia-de-entr\/","title":{"rendered":"FRONTERAS, el Proyecto Especial de la Secretar\u00eda de Gesti\u00f3n Cultural del Ministerio de Cultura de Argentina invita a una serie de intervenciones art\u00edsticas y culturales en Concordia, Provincia de Entre R\u00edos"},"content":{"rendered":"<p>El Ministerio de Cultura de la Naci\u00f3n Argentina, a trav\u00e9s de la Secretar\u00eda de Gesti\u00f3n Cultural presenta en Formosa la segunda actividad del programa Fronteras, un proyecto que, a trav\u00e9s de intervenciones art\u00edsticas y culturales en zonas fronterizas de Argentina, pone en relieve la importancia pol\u00edtica, hist\u00f3rica y cultural de los territorios lim\u00edtrofes y reconoce a las fronteras como parte de un entramado cultural conformado por una muestra de saberes, pr\u00e1cticas tradicionales y costumbres que superan los l\u00edmites establecidos por la divisi\u00f3n pol\u00edtica. Se realizar\u00e1n charlas de capacitaci\u00f3n y divulgaci\u00f3n y actividades culturales.<\/p>\n<p>&nbsp;<\/p>\n<p><em>\u201cEs necesario construir pol\u00edticas comunes que sean capaces de generar lazos de unidad entre los territorios y propiciar la hermandad entre los pueblos. La cultura, como elemento din\u00e1mico, es clave en este proceso porque se manifiesta en la forma en que los individuos se relacionan con la vida cotidiana, con parte de un territorio y construyen comunidad.Creemos que &#8216;Fronteras&#8217; nos brinda la posibilidad de difuminar la l\u00ednea artificial de los l\u00edmites entre pa\u00edses al conformar una mezcla de saberes y tiende puentes para pintar un paisaje com\u00fan\u201d<\/em>. Explica Federico Prieto, Secretario de Gesti\u00f3n Cultural.<\/p>\n<p>&nbsp;<\/p>\n<p>El proyecto Fronteras ya fue implementado tambi\u00e9n en otros puntos de frontera de Argentina. En cada ciudad, se realiz\u00f3 una jornada para compartir desde el marco de Iberm\u00fasicas, Iberorquestas, Ibercultura Viva e IberEscena. Un hecho cultural espec\u00edfico desde cada programa en articulaci\u00f3n con el pa\u00eds vecino para fortalecer la integraci\u00f3n regional.<\/p>\n<p>&nbsp;<\/p>\n<p>&nbsp;<\/p>\n<p>S\u00e1bado 14 de octubre<\/p>\n<p>Plaza principal 25 de mayo<\/p>\n<p>Concordia, Entre R\u00edos, Argentina<\/p>\n","protected":false},"excerpt":{"rendered":"<p>El Ministerio de Cultura de la Naci\u00f3n Argentina, a trav\u00e9s de la Secretar\u00eda de Gesti\u00f3n Cultural presenta en Formosa la segunda actividad del programa Fronteras, un proyecto que, a trav\u00e9s de intervenciones art\u00edsticas y culturales en zonas fronterizas de Argentina, pone en relieve la importancia pol\u00edtica, hist\u00f3rica y cultural de los territorios lim\u00edtrofes y reconoce [&hellip;]<\/p>\n","protected":false},"author":7,"featured_media":17046,"comment_status":"closed","ping_status":"closed","sticky":false,"template":"","format":"standard","meta":{"footnotes":""},"categories":[53],"tags":[],"class_list":["post-17045","post","type-post","status-publish","format-standard","has-post-thumbnail","hentry","category-noticias-generales"],"lang":"es","translations":{"es":17045,"pt":17048},"pll_sync_post":[],"post_mailing_queue_ids":[],"_links":{"self":[{"href":"http:\/\/staging.ibermusicas.org\/index.php\/wp-json\/wp\/v2\/posts\/17045","targetHints":{"allow":["GET"]}}],"collection":[{"href":"http:\/\/staging.ibermusicas.org\/index.php\/wp-json\/wp\/v2\/posts"}],"about":[{"href":"http:\/\/staging.ibermusicas.org\/index.php\/wp-json\/wp\/v2\/types\/post"}],"author":[{"embeddable":true,"href":"http:\/\/staging.ibermusicas.org\/index.php\/wp-json\/wp\/v2\/users\/7"}],"replies":[{"embeddable":true,"href":"http:\/\/staging.ibermusicas.org\/index.php\/wp-json\/wp\/v2\/comments?post=17045"}],"version-history":[{"count":1,"href":"http:\/\/staging.ibermusicas.org\/index.php\/wp-json\/wp\/v2\/posts\/17045\/revisions"}],"predecessor-version":[{"id":17047,"href":"http:\/\/staging.ibermusicas.org\/index.php\/wp-json\/wp\/v2\/posts\/17045\/revisions\/17047"}],"wp:featuredmedia":[{"embeddable":true,"href":"http:\/\/staging.ibermusicas.org\/index.php\/wp-json\/wp\/v2\/media\/17046"}],"wp:attachment":[{"href":"http:\/\/staging.ibermusicas.org\/index.php\/wp-json\/wp\/v2\/media?parent=17045"}],"wp:term":[{"taxonomy":"category","embeddable":true,"href":"http:\/\/staging.ibermusicas.org\/index.php\/wp-json\/wp\/v2\/categories?post=17045"},{"taxonomy":"post_tag","embeddable":true,"href":"http:\/\/staging.ibermusicas.org\/index.php\/wp-json\/wp\/v2\/tags?post=17045"}],"curies":[{"name":"wp","href":"https:\/\/api.w.org\/{rel}","templated":true}]}}