{"id":17048,"date":"2023-10-11T19:31:52","date_gmt":"2023-10-11T19:31:52","guid":{"rendered":"http:\/\/staging.ibermusicas.org\/?p=17048"},"modified":"2023-10-30T14:36:44","modified_gmt":"2023-10-30T14:36:44","slug":"fronteras-el-proyecto-especial-de-la-secretaria-de-gestion-cultural-del-ministerio-de-cultura-de-argentina-invita-a-una-serie-de-intervenciones-artisticas-y-culturales-en-concordia-provincia-de-entr-2","status":"publish","type":"post","link":"http:\/\/staging.ibermusicas.org\/index.php\/fronteras-el-proyecto-especial-de-la-secretaria-de-gestion-cultural-del-ministerio-de-cultura-de-argentina-invita-a-una-serie-de-intervenciones-artisticas-y-culturales-en-concordia-provincia-de-entr-2\/","title":{"rendered":"FRONTERAS, o Projeto Especial da Secretaria de Gest\u00e3o Cultural do Minist\u00e9rio da Cultura da Argentina convida a uma s\u00e9rie de interven\u00e7\u00f5es art\u00edsticas e culturais em Concordia, Prov\u00edncia de Entre R\u00edos"},"content":{"rendered":"<p>O Minist\u00e9rio da Cultura da Na\u00e7\u00e3o Argentina, atrav\u00e9s da Secretaria de Gest\u00e3o Cultural, apresenta em Formosa a segunda atividade do programa Fronteiras, um projeto que, atrav\u00e9s de interven\u00e7\u00f5es art\u00edsticas e culturais em zonas fronteiri\u00e7as da Argentina, destaca a import\u00e2ncia pol\u00edtica, hist\u00f3rica e cultural dos territ\u00f3rios fronteiri\u00e7os e reconhece as fronteiras como parte de um tecido cultural composto por uma amostra de conhecimentos, pr\u00e1ticas tradicionais e costumes que ultrapassam os limites estabelecidos pela divis\u00e3o pol\u00edtica. Ser\u00e3o realizadas palestras de forma\u00e7\u00e3o e divulga\u00e7\u00e3o e atividades culturais.<\/p>\n<p>&nbsp;<\/p>\n<p><em>\u00ab\u00c9 necess\u00e1rio construir pol\u00edticas comuns que sejam capazes de gerar la\u00e7os de unidade entre os territ\u00f3rios e fomentar a fraternidade entre os povos. A cultura, como elemento din\u00e2mico, \u00e9 fundamental neste processo, porque se manifesta na forma como os indiv\u00edduos se relacionam com o quotidiano, com parte de um territ\u00f3rio e constroem comunidade. Acreditamos que &#8216;Fronteiras&#8217; nos d\u00e1 a possibilidade de esbater a linha artificial das fronteiras entre pa\u00edses, criando uma mistura de conhecimentos e construindo pontes para pintar uma paisagem comum\u00bb<\/em>. Explica Federico Prieto, Secret\u00e1rio de Gest\u00e3o Cultural<\/p>\n<p>&nbsp;<\/p>\n<p>O projeto Fronteiras foi tamb\u00e9m implementado em outras cidades fronteiri\u00e7as da Argentina. Em cada cidade, tem havido uma jornada de partilha no \u00e2mbito do Iberm\u00fasicas, Iberorquestas, Ibercultura Viva e IberEscena. Um evento cultural espec\u00edfico de cada programa em coordena\u00e7\u00e3o com o pa\u00eds vizinho para refor\u00e7ar a integra\u00e7\u00e3o regional.<\/p>\n<p>&nbsp;<\/p>\n<p>&nbsp;<\/p>\n<p>S\u00e1bado 14 de octubre<\/p>\n<p>Plaza principal 25 de mayo<\/p>\n<p>Concordia, Entre R\u00edos, Argentina<\/p>\n","protected":false},"excerpt":{"rendered":"<p>O Minist\u00e9rio da Cultura da Na\u00e7\u00e3o Argentina, atrav\u00e9s da Secretaria de Gest\u00e3o Cultural, apresenta em Formosa a segunda atividade do programa Fronteiras, um projeto que, atrav\u00e9s de interven\u00e7\u00f5es art\u00edsticas e culturais em zonas fronteiri\u00e7as da Argentina, destaca a import\u00e2ncia pol\u00edtica, hist\u00f3rica e cultural dos territ\u00f3rios fronteiri\u00e7os e reconhece as fronteiras como parte de um tecido [&hellip;]<\/p>\n","protected":false},"author":7,"featured_media":17046,"comment_status":"closed","ping_status":"closed","sticky":false,"template":"","format":"standard","meta":{"footnotes":""},"categories":[218],"tags":[],"class_list":["post-17048","post","type-post","status-publish","format-standard","has-post-thumbnail","hentry","category-noticias-generales-pt"],"lang":"pt","translations":{"pt":17048,"es":17045},"pll_sync_post":[],"post_mailing_queue_ids":[],"_links":{"self":[{"href":"http:\/\/staging.ibermusicas.org\/index.php\/wp-json\/wp\/v2\/posts\/17048","targetHints":{"allow":["GET"]}}],"collection":[{"href":"http:\/\/staging.ibermusicas.org\/index.php\/wp-json\/wp\/v2\/posts"}],"about":[{"href":"http:\/\/staging.ibermusicas.org\/index.php\/wp-json\/wp\/v2\/types\/post"}],"author":[{"embeddable":true,"href":"http:\/\/staging.ibermusicas.org\/index.php\/wp-json\/wp\/v2\/users\/7"}],"replies":[{"embeddable":true,"href":"http:\/\/staging.ibermusicas.org\/index.php\/wp-json\/wp\/v2\/comments?post=17048"}],"version-history":[{"count":2,"href":"http:\/\/staging.ibermusicas.org\/index.php\/wp-json\/wp\/v2\/posts\/17048\/revisions"}],"predecessor-version":[{"id":17050,"href":"http:\/\/staging.ibermusicas.org\/index.php\/wp-json\/wp\/v2\/posts\/17048\/revisions\/17050"}],"wp:featuredmedia":[{"embeddable":true,"href":"http:\/\/staging.ibermusicas.org\/index.php\/wp-json\/wp\/v2\/media\/17046"}],"wp:attachment":[{"href":"http:\/\/staging.ibermusicas.org\/index.php\/wp-json\/wp\/v2\/media?parent=17048"}],"wp:term":[{"taxonomy":"category","embeddable":true,"href":"http:\/\/staging.ibermusicas.org\/index.php\/wp-json\/wp\/v2\/categories?post=17048"},{"taxonomy":"post_tag","embeddable":true,"href":"http:\/\/staging.ibermusicas.org\/index.php\/wp-json\/wp\/v2\/tags?post=17048"}],"curies":[{"name":"wp","href":"https:\/\/api.w.org\/{rel}","templated":true}]}}