{"id":17051,"date":"2023-10-11T19:36:09","date_gmt":"2023-10-11T19:36:09","guid":{"rendered":"http:\/\/staging.ibermusicas.org\/?p=17051"},"modified":"2023-10-30T14:04:36","modified_gmt":"2023-10-30T14:04:36","slug":"lirica-disidente-hablemos-de-compositoras-iii-comparten-conferencias-conversatorios-y-conciertos-audiovisuales","status":"publish","type":"post","link":"http:\/\/staging.ibermusicas.org\/index.php\/lirica-disidente-hablemos-de-compositoras-iii-comparten-conferencias-conversatorios-y-conciertos-audiovisuales\/","title":{"rendered":"L\u00edrica Disidente &#8211; Hablemos de Compositoras III comparten conferencias, conversatorios y conciertos audiovisuales"},"content":{"rendered":"<p>Durante los lunes de octubre L\u00edrica Disidente y Hablemos de Compositoras dedicaran su escucha y atenci\u00f3n al trabajo de mujeres compositoras en la historia y en la actualidad. A trav\u00e9s sus canales digitales se podr\u00e1n descubrir y compartir di\u00e1logos, exposiciones y nuevas obras de Compositoras Iberoamericanas, grabadas desde Chile y Colombia.<\/p>\n<p>&nbsp;<\/p>\n<p>Hablemos de Compositoras invita a una serie de conferencias, conversatorios y conciertos audiovisuales que invitan a dialogar sobre las problem\u00e1ticas sociales, culturales y de g\u00e9nero en la m\u00fasica nueva de tradici\u00f3n escrita en Iberoam\u00e9rica.<\/p>\n<p>&nbsp;<\/p>\n<p>L\u00edrica Disidente &#8211; Hablemos de Compositoras III es un proyecto premiado por Iberm\u00fasicas mediante la l\u00ednea de Ayudas al Sector Musical en Modalidad Virtual.<\/p>\n<p>&nbsp;<\/p>\n<p>&nbsp;<\/p>\n<p>Del 9 al 30 de octubre<\/p>\n","protected":false},"excerpt":{"rendered":"<p>Durante los lunes de octubre L\u00edrica Disidente y Hablemos de Compositoras dedicaran su escucha y atenci\u00f3n al trabajo de mujeres compositoras en la historia y en la actualidad. A trav\u00e9s sus canales digitales se podr\u00e1n descubrir y compartir di\u00e1logos, exposiciones y nuevas obras de Compositoras Iberoamericanas, grabadas desde Chile y Colombia. &nbsp; Hablemos de Compositoras [&hellip;]<\/p>\n","protected":false},"author":7,"featured_media":17052,"comment_status":"closed","ping_status":"closed","sticky":false,"template":"","format":"standard","meta":{"footnotes":""},"categories":[53],"tags":[],"class_list":["post-17051","post","type-post","status-publish","format-standard","has-post-thumbnail","hentry","category-noticias-generales"],"lang":"es","translations":{"es":17051,"pt":17054},"pll_sync_post":[],"post_mailing_queue_ids":[],"_links":{"self":[{"href":"http:\/\/staging.ibermusicas.org\/index.php\/wp-json\/wp\/v2\/posts\/17051","targetHints":{"allow":["GET"]}}],"collection":[{"href":"http:\/\/staging.ibermusicas.org\/index.php\/wp-json\/wp\/v2\/posts"}],"about":[{"href":"http:\/\/staging.ibermusicas.org\/index.php\/wp-json\/wp\/v2\/types\/post"}],"author":[{"embeddable":true,"href":"http:\/\/staging.ibermusicas.org\/index.php\/wp-json\/wp\/v2\/users\/7"}],"replies":[{"embeddable":true,"href":"http:\/\/staging.ibermusicas.org\/index.php\/wp-json\/wp\/v2\/comments?post=17051"}],"version-history":[{"count":1,"href":"http:\/\/staging.ibermusicas.org\/index.php\/wp-json\/wp\/v2\/posts\/17051\/revisions"}],"predecessor-version":[{"id":17053,"href":"http:\/\/staging.ibermusicas.org\/index.php\/wp-json\/wp\/v2\/posts\/17051\/revisions\/17053"}],"wp:featuredmedia":[{"embeddable":true,"href":"http:\/\/staging.ibermusicas.org\/index.php\/wp-json\/wp\/v2\/media\/17052"}],"wp:attachment":[{"href":"http:\/\/staging.ibermusicas.org\/index.php\/wp-json\/wp\/v2\/media?parent=17051"}],"wp:term":[{"taxonomy":"category","embeddable":true,"href":"http:\/\/staging.ibermusicas.org\/index.php\/wp-json\/wp\/v2\/categories?post=17051"},{"taxonomy":"post_tag","embeddable":true,"href":"http:\/\/staging.ibermusicas.org\/index.php\/wp-json\/wp\/v2\/tags?post=17051"}],"curies":[{"name":"wp","href":"https:\/\/api.w.org\/{rel}","templated":true}]}}